{"id":213092,"date":"2021-10-16T07:09:30","date_gmt":"2021-10-16T05:09:30","guid":{"rendered":"https:\/\/www.cronacaonline.it\/?p=213092"},"modified":"2021-10-16T07:09:32","modified_gmt":"2021-10-16T05:09:32","slug":"sindacati-e-centrosinistra-tornano-a-san-giovanni-come-risposta-allassalto-neofascista-alla-cgil","status":"publish","type":"post","link":"https:\/\/www.cronacaonline.it\/index.php\/2021\/10\/16\/sindacati-e-centrosinistra-tornano-a-san-giovanni-come-risposta-allassalto-neofascista-alla-cgil\/","title":{"rendered":"Sindacati e centrosinistra tornano a San Giovanni come risposta all&#8217;assalto neofascista alla Cgil."},"content":{"rendered":"\n<p>Roma, 16 Ott 2021 - Il giorno dopo l'entrata in vigore dell'obbligo di green pass per tutti i lavoratori e alla vigilia del ritorno alle urne per i ballottaggi per la scelta dei sindaci per i sindacati, ma anche per il centrosinistra, quella di oggi sar\u00e0 una manifestazione identitaria pi\u00f9 che una manifestazione politica.<\/p>\n\n\n\n<p>\"No\" ai fascismi e alla violenza, \"s\u00ec\" al lavoro, alla sicurezza, ai diritti. Cgil, Cisl e Uil, e con loro il centrosinistra, si preparano a scendere in piazza uniti perch\u00e9 l'assalto \"squadrista\" alla sede della Cgil di sabato scorso \u00e8 considerato un attacco a tutto il sindacato confederale, al mondo del lavoro e alla democrazia.<\/p>\n\n\n\n<p>&nbsp;Il numero uno della Cgil, Maurizio Landini respinge l'accusa di volersi \"intromettere\" nelle elezioni. Dopo l'attacco di sabato scorso, ripete, c'era bisogno di \"una risposta immediata\". Per respingere la violenza fascista e unirsi attorno ai principi e ai valori della Costituzione e al lavoro.<\/p>\n\n\n\n<p>\"Saremo in piazza non con simboli di partito ma con il tricolore\", aveva preannunciato il segretario del Pd Enrico Letta. Ad una partecipazione ampia di tutte le forze politiche aveva subito richiamato anche Giuseppe Conte. Carlo Calenda esprime per\u00f2 la preoccupazione che la manifestazione indetta in modo unitario contro i fascismi venga stravolta dagli stessi sindacati in una manifestazione di sostegno a specifiche richieste in tema di politiche economiche, come infatti indica il sito della Fiom.<\/p>\n\n\n\n<p>Il centrodestra non ci sar\u00e0, invocando il rispetto del silenzio elettorale, come ripetuto dalla leader di Fratelli d'Italia, Giorgia Meloni, che respinge \"il tentativo di scaricare le responsabilit\u00e0 all'unica opposizione\". \"La piazza sar\u00e0 di parte\", attacca il segretario della Lega, Matteo Salvini: \"Ora bisogna parlare a tutti, contro gli estremisti, senza andare alla guerra\". Nei giorni scorsi Forza Italia aveva fatto sapere che avrebbe partecipato se fosse stata spostata la data.<\/p>\n\n\n\n<p>Per Roma sar\u00e0 un altro giorno di grande mobilitazione e la piazza non sar\u00e0 una piazza qualunque, ma il luogo simbolo delle grandi manifestazioni: piazza San Giovanni. I sindacati chiamano all'appuntamento i cittadini e tutte le forze \"sane\" del Paese e la risposta si preannuncia forte.<\/p>\n\n\n\n<p>Sono circa 800 i pullman provenienti da tutta Italia, 10 i treni speciali, pi\u00f9 alcuni voli organizzati per consentire anche agli abitanti delle isole di raggiungere la capitale, oltre a quanti si muoveranno con mezzi propri. Previsto prima della manifestazione un concentramento a Piazza dell'Esquilino. \"C'\u00e8 un clima pesante nel Paese, vanno spenti focolai di eversione, di tensione e violenza\", afferma Sbarra della Cisl. \"Dobbiamo ridisegnare questo Paese\", sostiene Bombardieri della Uil, ripartendo dal lavoro.<\/p>\n\n\n\n<p>Dalla piazza ritorner\u00e0 la richiesta di sciogliere per legge le organizzazioni neofasciste. Tema su cui si \u00e8 aperto il dibattito politico: la prossima settimana, mercoled\u00ec 20 ottobre, parte la discussione parlamentare, al Senato, sulle mozioni proposte da Pd, Leu, M5s e Italia Viva per lo scioglimento di Forza nuova e dei movimenti neofascisti.<\/p>\n\n\n\n<p>Massima l'attenzione sul fronte della sicurezza e dei controlli, proprio dopo le violenze di sabato scorso durante la manifestazione non autorizzata dei non green pass, che ha portato anche all'arresto di esponenti di Forza nuova.<\/p>\n","protected":false},"excerpt":{"rendered":"<p>Roma, 16 Ott 2021 &#8211; Il giorno dopo l&#8217;entrata in vigore dell&#8217;obbligo di green pass per tutti i lavoratori e alla vigilia del ritorno alle&#8230;<\/p>\n","protected":false},"author":2,"featured_media":213093,"comment_status":"closed","ping_status":"open","sticky":false,"template":"","format":"standard","meta":[],"categories":[49,50],"tags":[],"_links":{"self":[{"href":"https:\/\/www.cronacaonline.it\/index.php\/wp-json\/wp\/v2\/posts\/213092"}],"collection":[{"href":"https:\/\/www.cronacaonline.it\/index.php\/wp-json\/wp\/v2\/posts"}],"about":[{"href":"https:\/\/www.cronacaonline.it\/index.php\/wp-json\/wp\/v2\/types\/post"}],"author":[{"embeddable":true,"href":"https:\/\/www.cronacaonline.it\/index.php\/wp-json\/wp\/v2\/users\/2"}],"replies":[{"embeddable":true,"href":"https:\/\/www.cronacaonline.it\/index.php\/wp-json\/wp\/v2\/comments?post=213092"}],"version-history":[{"count":1,"href":"https:\/\/www.cronacaonline.it\/index.php\/wp-json\/wp\/v2\/posts\/213092\/revisions"}],"predecessor-version":[{"id":213094,"href":"https:\/\/www.cronacaonline.it\/index.php\/wp-json\/wp\/v2\/posts\/213092\/revisions\/213094"}],"wp:featuredmedia":[{"embeddable":true,"href":"https:\/\/www.cronacaonline.it\/index.php\/wp-json\/wp\/v2\/media\/213093"}],"wp:attachment":[{"href":"https:\/\/www.cronacaonline.it\/index.php\/wp-json\/wp\/v2\/media?parent=213092"}],"wp:term":[{"taxonomy":"category","embeddable":true,"href":"https:\/\/www.cronacaonline.it\/index.php\/wp-json\/wp\/v2\/categories?post=213092"},{"taxonomy":"post_tag","embeddable":true,"href":"https:\/\/www.cronacaonline.it\/index.php\/wp-json\/wp\/v2\/tags?post=213092"}],"curies":[{"name":"wp","href":"https:\/\/api.w.org\/{rel}","templated":true}]}}