{"id":212895,"date":"2021-10-11T15:28:44","date_gmt":"2021-10-11T13:28:44","guid":{"rendered":"https:\/\/www.cronacaonline.it\/?p=212895"},"modified":"2021-10-11T15:28:45","modified_gmt":"2021-10-11T13:28:45","slug":"governo-carta-verde-verso-una-stretta-ai-cortei-labbraccio-tra-draghi-e-landini","status":"publish","type":"post","link":"https:\/\/www.cronacaonline.it\/index.php\/2021\/10\/11\/governo-carta-verde-verso-una-stretta-ai-cortei-labbraccio-tra-draghi-e-landini\/","title":{"rendered":"Governo, Carta Verde: verso una stretta ai cortei. L&#8217;abbraccio tra Draghi e Landini."},"content":{"rendered":"\n<p>Roma, 11 Ott 201 - Il presidente del Consiglio Mario Draghi si \u00e8 recato nella sede nazionale della Cgil per portare la solidariet\u00e0 del governo al segretario confederale Maurizio Landini, dopo l'assalto subito sabato.\u00a0Il premier, accolto da Maurizio Landini e da un applauso dei sindacalisti presenti, ha visitato i locali presi d'assalto dai manifestanti.\u00a0\u00c8 scattato un lungo applauso quando\u00a0Draghi e Landini, all'ingresso, si sono abbracciati.\u00a0Una visita di solidariet\u00e0 e vicinanza al sindacato, quella del premier che dopo un colloquio di circa mezzora\u00a0ha lasciato la sede della Cgil.\u00a0Prima di andar via, il\u00a0presidente del Consiglio si \u00e8 fermato a stringere mani ai dipendenti del sindacato, che lo attendevano all'esterno del palazzo di Corso d'Italia.<\/p>\n\n\n\n<p>\"Ho ringraziato il presidente Draghi per la visita, che un significato molto importante per quanto avvenuto. Il presidente ha voluto segnalare la vicinanza dell'intero governo&nbsp;e di tutte le istituzioni per impedire un passato che non vogliano ritorni. \u00c8 fatto non scontato ma particolarmente importante e significativo\" ha detto il segretario della Cgil, al termine della visita del premier Mario Draghi. \"Abbiamo fatto presente che sabato nel corso della manifestazione dei sindacati ci sar\u00e0 la richiesta precisa di un provvedimento per lo scioglimento delle forze politiche che si richiamano al fascismo come prevede la Costituzione. Un provvedimento che riteniamo necessario. Su questo Draghi mi ha detto che ne discuteranno, \u00e8 un tema che hanno presente. Per noi \u00e8 una delle rivendicazioni sul tavolo ed \u00e8 una delle motivazioni della manifestazione di sabato\" ha sottolineato Landini.<\/p>\n\n\n\n<p>Il Copasir, \"alla luce dei gravi incidenti\" di sabato, convoca in audizione il direttore dell'Aisi, Parente, e chiede una informativa urgente al ministro dell'Interno, Lamorgese.<\/p>\n\n\n\n<p>Il governo, intanto, pensa ad una stretta sui cortei, dopo gli incidenti avvenuti alla manifestazione sul green pass sabato scorso a Roma. Il premier Mario Draghi - scrive il Corriere della sera - avrebbe chiesto che d'ora in poi ci siano maggiori verifiche sulla sicurezza prima di dare il via libera ai cortei. Il via libera dovr\u00e0 avvenire solo dopo una valutazione rigorosa dei rischi e in ogni caso le autorizzazioni alle manifestazioni statiche potranno essere rilasciate soltanto con garanzie reali di rispetto delle regole da parte degli organizzatori.<\/p>\n\n\n\n<p>Il presidente del Consiglio avrebbe parlato nelle ore scorse con la ministra dell'Interno Luciana Lamorgese e con il sottosegretario delegato alla Sicurezza Franco Gabrielli. Secondo il quotidiano la Repubblica \"il raid\" puntava su palazzo Chigi, l'obiettivo era violare la sede del governo per replicare l'assalto a Capitol hill avvenuto negli Stati Uniti.&nbsp; &nbsp; Intanto il Pd con una mozione punta allo scioglimento di Forza Nuova.<\/p>\n\n\n\n<p>Il ministro del Lavoro Andrea Orlando attacca \"l'avanguardia di matrice pi\u00f9 tradizionalmente fascista\" e che \"probabilmente \u00e8 totalmente indifferente alle questioni del green pass, ma che prova, come ha provato nel corso di questi anni con i forconi, con le rivolte contro i campi rom e i campi dei migranti, a cavalcare questa situazione. Cio\u00e8, prova a utilizzare questo movimento per scagliarlo contro le istituzioni democratiche.<\/p>\n\n\n\n<p>Si tratta - osserva in un'intervista al 'Corriere della sera' - di un movimento consistente che trascina ed esaspera paure reali, quindi questa strategia rappresenta un salto di qualit\u00e0 nell'ambizione eversiva della destra neofascista\". \"Non escludo - aggiunge - che oggi ci siano i presupposti per fare ci\u00f2 che non si \u00e8 fatto in passato, cio\u00e8, sciogliere quelle formazioni\".<\/p>\n\n\n\n<p>In ogni caso per Orlando \"quella era una piazza che non si pu\u00f2 pensare sia stata riempita solo dai fascisti. La dentro c'erano persone del movimento contro le chiusure, c'era gente spaventata, c'erano vittime di teorie complottistiche, e probabilmente c'era anche una quota di lavoratori, conquistata da narrazioni negazioniste, che guarda al 15 ottobre come un momento nel quale sar\u00e0 costretta a fare un passaggio che ritiene pericoloso per s\u00e9 e per i propri figli. Rispetto a questo fenomeno ci vuole un approccio che sia determinato, ma che deve essere accompagnato anche dalla capacit\u00e0 di correggere alcuni messaggi\".<\/p>\n\n\n\n<p>\"Alcuni appartenenti a Forza Nuova, con un gesto oltremodo proditorio, hanno deviato dal percorso intrapreso dai partecipanti per il deflusso, e dopo aver tentato ripetute azioni di forza, hanno perpetrato un vile e violento attacco, invadendo la sede della Cgil e riuscendo a forzare la barriera che le Forze di polizia avevano eretto a protezione dell'ingresso\". Lo afferma in una nota il prefetto di Roma, Matteo Piantedosi, in riferimento agli scontri avvenuti sabato a Roma. \"L'invasione ha avuto durata limitata, con le Forze dell'ordine che successivamente riuscivano a liberare l'immobile prima che i danni si aggravassero ulteriormente, ma \u00e8 stata in ogni caso -afferma il prefetto della Capitale - sufficiente per evocare di per s\u00e9 i momenti pi\u00f9 bui della vita del nostro Paese e restituire plasticamente la carica eversiva ed antidemocratica che si annida nelle deprecabili azioni di questi delinquenti. Ci tengo in proposito ad associarmi ai sentimenti di vicinanza e solidariet\u00e0 che un coro unanime ha rivolto al Sindacato, e garantisco che sar\u00e0 massima la determinazione e l'impegno per far s\u00ec che a questo vile gesto seguano conseguenze esemplari\".<\/p>\n\n\n\n<p>Sono due i fascicoli di indagine avviati dalla Procura di Roma in relazione agli scontri avvenuti sabato nel cuore della Capitale. I Pm hanno diviso in due \"livelli\" l'azione di indagine: il primo riguarda i sei arrestati, ritenuti promotori della rivolta, con l'irruzione nella sede della Cgil, tra cui Roberto Fiore, Giuliano Castellino di Forza Nuova, l'ex Nar Luigi Aronica, l'attivista Pamela Testa e il leader del movimento IoApro, Biagio Passaro. Per loro i magistrati contestano, al momento, i reati di istigazione a delinquere, devastazione e saccheggio. I Pm nel chiedere la convalida dell'arresto valuteranno ulteriori aggravanti Gli accertamenti sono affidati al gruppo di magistrati che si occupa dei delitti contro la Personalit\u00e0 dello Stato, coordinati dal procuratore Michele Prestipino. Il secondo fascicolo riguarda invece gli altri sei arrestati, per i quali \u00e8 gi\u00e0 stata chiesta la convalida, nei confronti dei quali si contestano a seconda delle posizioni, il reato di resistenza, lesioni a pubblico ufficiale e lesioni aggravati.<\/p>\n\n\n\n<p>Quello che accadr\u00e0 nei prossimi giorni, da quando, il 15 ottobre, il green pass diventer\u00e0 obbligatorio per i lavoratori, \"\u00e8 imprevedibile\" se la \"politica non chiarisce le sue linee di azione\". Lo afferma il Pm Alberto Nobili, capo dell'antiterrorismo milanese, a proposito della manifestazioni dei no green pass. \"Non sappiamo che conseguenze questo potrebbe avere su una piazza che \u00e8 trasversale, da Forza Nuova agli anarchici, dai qualunquisti ai no per principio\". Il magistrato, che segue le indagini sui cortei milanesi, elogia il lavoro delle forze dell'ordine nel capoluogo lombardo: \"Stanno fronteggiando al meglio un fenomeno che destra preoccupazione evitando situazioni di conflittualit\u00e0 e cercando di gestire il disordine senza violenza e scontri frontali\".<\/p>\n","protected":false},"excerpt":{"rendered":"<p>Roma, 11 Ott 201 &#8211; Il presidente del Consiglio Mario Draghi si \u00e8 recato nella sede nazionale della Cgil per portare la solidariet\u00e0 del governo&#8230;<\/p>\n","protected":false},"author":2,"featured_media":212896,"comment_status":"closed","ping_status":"open","sticky":false,"template":"","format":"standard","meta":[],"categories":[49,50],"tags":[],"_links":{"self":[{"href":"https:\/\/www.cronacaonline.it\/index.php\/wp-json\/wp\/v2\/posts\/212895"}],"collection":[{"href":"https:\/\/www.cronacaonline.it\/index.php\/wp-json\/wp\/v2\/posts"}],"about":[{"href":"https:\/\/www.cronacaonline.it\/index.php\/wp-json\/wp\/v2\/types\/post"}],"author":[{"embeddable":true,"href":"https:\/\/www.cronacaonline.it\/index.php\/wp-json\/wp\/v2\/users\/2"}],"replies":[{"embeddable":true,"href":"https:\/\/www.cronacaonline.it\/index.php\/wp-json\/wp\/v2\/comments?post=212895"}],"version-history":[{"count":1,"href":"https:\/\/www.cronacaonline.it\/index.php\/wp-json\/wp\/v2\/posts\/212895\/revisions"}],"predecessor-version":[{"id":212897,"href":"https:\/\/www.cronacaonline.it\/index.php\/wp-json\/wp\/v2\/posts\/212895\/revisions\/212897"}],"wp:featuredmedia":[{"embeddable":true,"href":"https:\/\/www.cronacaonline.it\/index.php\/wp-json\/wp\/v2\/media\/212896"}],"wp:attachment":[{"href":"https:\/\/www.cronacaonline.it\/index.php\/wp-json\/wp\/v2\/media?parent=212895"}],"wp:term":[{"taxonomy":"category","embeddable":true,"href":"https:\/\/www.cronacaonline.it\/index.php\/wp-json\/wp\/v2\/categories?post=212895"},{"taxonomy":"post_tag","embeddable":true,"href":"https:\/\/www.cronacaonline.it\/index.php\/wp-json\/wp\/v2\/tags?post=212895"}],"curies":[{"name":"wp","href":"https:\/\/api.w.org\/{rel}","templated":true}]}}