{"id":212878,"date":"2021-10-11T10:02:57","date_gmt":"2021-10-11T08:02:57","guid":{"rendered":"https:\/\/www.cronacaonline.it\/?p=212878"},"modified":"2021-10-11T10:02:59","modified_gmt":"2021-10-11T08:02:59","slug":"governo-carta-verde-verso-una-stretta-ai-cortei-draghi-chiede-verifiche-sulla-sicurezza","status":"publish","type":"post","link":"https:\/\/www.cronacaonline.it\/index.php\/2021\/10\/11\/governo-carta-verde-verso-una-stretta-ai-cortei-draghi-chiede-verifiche-sulla-sicurezza\/","title":{"rendered":"Governo, Carta Verde: verso una stretta ai cortei. Draghi chiede verifiche sulla sicurezza."},"content":{"rendered":"\n<p>Roma, 11 Ott 2021 - Il governo pensa ad una stretta sui cortei, dopo gli incidenti avvenuti alla manifestazione sul green pass sabato scorso a Roma. Il premier Mario Draghi - scrive il Corriere della sera - avrebbe chiesto che d'ora in poi ci siano maggiori verifiche sulla sicurezza prima di dare il via libera ai cortei. Il via libera dovr\u00e0 avvenire solo dopo una valutazione rigorosa dei rischi e in ogni caso le autorizzazioni alle manifestazioni statiche potranno essere rilasciate soltanto con garanzie reali di rispetto delle regole da parte degli organizzatori.<\/p>\n\n\n\n<p>Il presidente del Consiglio avrebbe parlato in queste ore con la ministra dell'Interno Luciana Lamorgese e con il sottosegretario delegato alla Sicurezza Franco Gabrielli. Secondo il quotidiano la Repubblica \"il raid\" puntava su palazzo Chigi, l'obiettivo era violare la sede del governo per replicare l'assalto a Capitol hill avvenuto negli Stati Uniti.<\/p>\n\n\n\n<p>Intanto il Pd con una mozione punta allo scioglimento di Forza Nuova. Il ministro del Lavoro Andrea Orlando attacca \"l'avanguardia di matrice pi\u00f9 tradizionalmente fascista\" e che \"probabilmente \u00e8 totalmente indifferente alle questioni del green pass, ma che prova, come ha provato nel corso di questi anni con i forconi, con le rivolte contro i campi rom e i campi dei migranti, a cavalcare questa situazione. Cio\u00e8, prova a utilizzare questo movimento per scagliarlo contro le istituzioni democratiche.<\/p>\n\n\n\n<p>Si tratta - osserva in un'intervista al 'Corriere della sera' - di un movimento consistente che trascina ed esaspera paure reali, quindi questa strategia rappresenta un salto di qualit\u00e0 nell'ambizione eversiva della destra neofascista\".<\/p>\n\n\n\n<p>\"Non escludo - aggiunge - che oggi ci siano i presupposti per fare ci\u00f2 che non si \u00e8 fatto in passato, cio\u00e8, sciogliere quelle formazioni\". In ogni caso per Orlando \"quella era una piazza che non si pu\u00f2 pensare sia stata riempita solo dai fascisti. La' dentro c'erano persone del movimento contro le chiusure, c'era gente spaventata, c'erano vittime di teorie complottistiche, e probabilmente c'era anche una quota di lavoratori, conquistata da narrazioni negazioniste, che guarda al 15 ottobre come un momento nel quale sar\u00e0 costretta a fare un passaggio che ritiene pericoloso per s\u00e9 e per i propri figli. Rispetto a questo fenomeno ci vuole un approccio che sia determinato, ma che deve essere accompagnato anche dalla capacit\u00e0 di correggere alcuni messaggi\".<\/p>\n\n\n\n<p>\"Alcuni appartenenti a Forza Nuova, con un gesto oltremodo proditorio, hanno deviato dal percorso intrapreso dai partecipanti per il deflusso, e dopo aver tentato ripetute azioni di forza, hanno perpetrato un vile e violento attacco, invadendo la sede della Cgil e riuscendo a forzare la barriera che le Forze di polizia avevano eretto a protezione dell'ingresso\". Lo afferma in una nota il prefetto di Roma, Matteo Piantedosi, in riferimento agli scontri avvenuti sabato a Roma. \"L'invasione ha avuto durata limitata, con le Forze dell'ordine che successivamente riuscivano a liberare l'immobile prima che i danni si aggravassero ulteriormente, ma \u00e8 stata in ogni caso -afferma il prefetto della Capitale - sufficiente per evocare di per s\u00e9 i momenti pi\u00f9 bui della vita del nostro Paese e restituire plasticamente la carica eversiva ed antidemocratica che si annida nelle deprecabili azioni di questi delinquenti. Ci tengo in proposito ad associarmi ai sentimenti di vicinanza e solidariet\u00e0 che un coro unanime ha rivolto al Sindacato, e garantisco che sar\u00e0 massima la determinazione e l'impegno per far s\u00ec che a questo vile gesto seguano conseguenze esemplari\".<\/p>\n","protected":false},"excerpt":{"rendered":"<p>Roma, 11 Ott 2021 &#8211; Il governo pensa ad una stretta sui cortei, dopo gli incidenti avvenuti alla manifestazione sul green pass sabato scorso a&#8230;<\/p>\n","protected":false},"author":2,"featured_media":212869,"comment_status":"closed","ping_status":"open","sticky":false,"template":"","format":"standard","meta":[],"categories":[49,50],"tags":[],"_links":{"self":[{"href":"https:\/\/www.cronacaonline.it\/index.php\/wp-json\/wp\/v2\/posts\/212878"}],"collection":[{"href":"https:\/\/www.cronacaonline.it\/index.php\/wp-json\/wp\/v2\/posts"}],"about":[{"href":"https:\/\/www.cronacaonline.it\/index.php\/wp-json\/wp\/v2\/types\/post"}],"author":[{"embeddable":true,"href":"https:\/\/www.cronacaonline.it\/index.php\/wp-json\/wp\/v2\/users\/2"}],"replies":[{"embeddable":true,"href":"https:\/\/www.cronacaonline.it\/index.php\/wp-json\/wp\/v2\/comments?post=212878"}],"version-history":[{"count":1,"href":"https:\/\/www.cronacaonline.it\/index.php\/wp-json\/wp\/v2\/posts\/212878\/revisions"}],"predecessor-version":[{"id":212879,"href":"https:\/\/www.cronacaonline.it\/index.php\/wp-json\/wp\/v2\/posts\/212878\/revisions\/212879"}],"wp:featuredmedia":[{"embeddable":true,"href":"https:\/\/www.cronacaonline.it\/index.php\/wp-json\/wp\/v2\/media\/212869"}],"wp:attachment":[{"href":"https:\/\/www.cronacaonline.it\/index.php\/wp-json\/wp\/v2\/media?parent=212878"}],"wp:term":[{"taxonomy":"category","embeddable":true,"href":"https:\/\/www.cronacaonline.it\/index.php\/wp-json\/wp\/v2\/categories?post=212878"},{"taxonomy":"post_tag","embeddable":true,"href":"https:\/\/www.cronacaonline.it\/index.php\/wp-json\/wp\/v2\/tags?post=212878"}],"curies":[{"name":"wp","href":"https:\/\/api.w.org\/{rel}","templated":true}]}}