{"id":212775,"date":"2021-10-08T10:55:26","date_gmt":"2021-10-08T08:55:26","guid":{"rendered":"https:\/\/www.cronacaonline.it\/?p=212775"},"modified":"2021-10-08T10:55:27","modified_gmt":"2021-10-08T08:55:27","slug":"covid-iss-4-regioni-classificate-a-rischio-moderato-rt-stabile-a-083","status":"publish","type":"post","link":"https:\/\/www.cronacaonline.it\/index.php\/2021\/10\/08\/covid-iss-4-regioni-classificate-a-rischio-moderato-rt-stabile-a-083\/","title":{"rendered":"Covid, Iss: 4 regioni classificate a rischio moderato, Rt stabile a 0,83."},"content":{"rendered":"\n<p>Roma, 8 Ott 2021 - Quattro Regioni e Province autonome (PA) risultano classificate a rischio moderato questa settimana:si tratta di Basilicata, PA Trento, PA Bolzano e Valle d'Aosta. Le restanti 17 Regioni\/PPAA risultano classificate a rischio basso. La scorsa settimana solo una Regione, il Lazio, risultava a rischio moderato. Due Regioni\/PA (Basilicata e PA Trento) riportano un'allerta di resilienza. Nessuna riporta molteplici allerte di resilienza. Lo evidenzia la bozza di Monitoraggio settimanale Iss-Ministero della Salute.<\/p>\n\n\n\n<p>\"Nel periodo compreso tra il 15 e il 28 settembre 2021, l'Rt medio calcolato sui casi sintomatici \u00e8 stato pari a 0,83 (range 0,81-0,86), al di sotto della soglia epidemica e stabile rispetto alla settimana precedente. \u00c8 in diminuzione l'incidenza settimanale a livello nazionale: 34 per 100.000 abitanti (01\/09\/2021-07\/09\/2021) vs 37 per 100.000 abitanti (24\/09\/2021-30\/09\/2021) - prosegue il report -. L'incidenza si trova al di sotto della soglia settimanale di 50 casi ogni 100.000 abitanti, che pu\u00f2 consentire il controllo della trasmissione basato sul contenimento, ovvero sull'identificazione dei casi e sul tracciamento dei loro contatti\".&nbsp;&nbsp;<\/p>\n\n\n\n<p>\u00c8 in diminuzione il numero di nuovi casi non associati a catene di trasmissione (5.903 vs 7.070 della settimana precedente). La percentuale dei casi rilevati attraverso l'attivit\u00e0 di tracciamento dei contatti \u00e8 in lieve diminuzione (33% vs 34% la scorsa settimana). \u00c8 in aumento la percentuale dei casi rilevati attraverso la comparsa dei sintomi (47% vs 45%). Resta stabile la percentuale di casi diagnosticata attraverso attivit\u00e0 di screening (21% vs 21%).&nbsp;<\/p>\n\n\n\n<p>Il tasso di occupazione dei malati di Covid in terapia intensiva \u00e8 in lieve diminuzione al 4,8% (rilevazione giornaliera Ministero della Salute del 5\/10\/2021), con una lieve diminuzione del numero di persone ricoverate da 459 (28\/09\/2021) a 433 (5\/10\/2021). Il tasso di occupazione in aree mediche a livello nazionale diminuisce al 5,1%. Anche il numero di persone ricoverate in queste aree \u00e8 in lieve diminuzione da 3.418 (28\/09\/2021) a 2.968 (5\/10\/2021).<\/p>\n\n\n\n<p>\"La variante delta \u00e8 dominante in Italia dal mese di luglio. Questa variante \u00e8 dominante nell'intera Unione Europea ed \u00e8 associata ad una maggiore trasmissibilit\u00e0. Una pi\u00f9 elevata copertura vaccinale ed il completamento dei cicli di vaccinazione rappresentano gli strumenti principali per prevenire ulteriori recrudescenze di episodi di aumentata circolazione del virus sostenuta da varianti emergenti\" rileva la bozza del report settimanale. \"E' opportuno realizzare un capillare tracciamento e contenimento dei casi, mantenere elevata l'attenzione ed applicare e rispettare misure e comportamenti per limitare l'ulteriore aumento della circolazione virale\".<\/p>\n","protected":false},"excerpt":{"rendered":"<p>Roma, 8 Ott 2021 &#8211; Quattro Regioni e Province autonome (PA) risultano classificate a rischio moderato questa settimana:si tratta di Basilicata, PA Trento, PA Bolzano&#8230;<\/p>\n","protected":false},"author":2,"featured_media":211417,"comment_status":"closed","ping_status":"open","sticky":false,"template":"","format":"standard","meta":[],"categories":[49,50],"tags":[],"_links":{"self":[{"href":"https:\/\/www.cronacaonline.it\/index.php\/wp-json\/wp\/v2\/posts\/212775"}],"collection":[{"href":"https:\/\/www.cronacaonline.it\/index.php\/wp-json\/wp\/v2\/posts"}],"about":[{"href":"https:\/\/www.cronacaonline.it\/index.php\/wp-json\/wp\/v2\/types\/post"}],"author":[{"embeddable":true,"href":"https:\/\/www.cronacaonline.it\/index.php\/wp-json\/wp\/v2\/users\/2"}],"replies":[{"embeddable":true,"href":"https:\/\/www.cronacaonline.it\/index.php\/wp-json\/wp\/v2\/comments?post=212775"}],"version-history":[{"count":1,"href":"https:\/\/www.cronacaonline.it\/index.php\/wp-json\/wp\/v2\/posts\/212775\/revisions"}],"predecessor-version":[{"id":212776,"href":"https:\/\/www.cronacaonline.it\/index.php\/wp-json\/wp\/v2\/posts\/212775\/revisions\/212776"}],"wp:featuredmedia":[{"embeddable":true,"href":"https:\/\/www.cronacaonline.it\/index.php\/wp-json\/wp\/v2\/media\/211417"}],"wp:attachment":[{"href":"https:\/\/www.cronacaonline.it\/index.php\/wp-json\/wp\/v2\/media?parent=212775"}],"wp:term":[{"taxonomy":"category","embeddable":true,"href":"https:\/\/www.cronacaonline.it\/index.php\/wp-json\/wp\/v2\/categories?post=212775"},{"taxonomy":"post_tag","embeddable":true,"href":"https:\/\/www.cronacaonline.it\/index.php\/wp-json\/wp\/v2\/tags?post=212775"}],"curies":[{"name":"wp","href":"https:\/\/api.w.org\/{rel}","templated":true}]}}