{"id":212673,"date":"2021-10-06T09:46:04","date_gmt":"2021-10-06T07:46:04","guid":{"rendered":"https:\/\/www.cronacaonline.it\/?p=212673"},"modified":"2021-10-06T09:46:05","modified_gmt":"2021-10-06T07:46:05","slug":"nadef-franco-in-3-anni-margini-per-alleggerire-il-carico-fiscale","status":"publish","type":"post","link":"https:\/\/www.cronacaonline.it\/index.php\/2021\/10\/06\/nadef-franco-in-3-anni-margini-per-alleggerire-il-carico-fiscale\/","title":{"rendered":"Nadef, Franco: &#8220;In 3 anni margini per alleggerire il carico fiscale&#8221;."},"content":{"rendered":"\n<p>Roma, 6 Ott 2021 - \"Nel triennio 2022-2024 ci sono margini per intervenire sugli ammortizzatori sociali e \"avviare un processo di alleggerimento del carico fiscale\". Lo ha detto il ministro dell'Economia, Daniele Franco, spiegando in audizione sulla Nadef (Nota di aggiornamento al Def) la differenza tra quadro tendenziale e programmatico. \"Il gap tra i due saldi - ha aggiunto - dovrebbe consentirci nel triennio di recuperare gli effetti della pandemia\".<\/p>\n\n\n\n<p>\"Nel 2022 e 2023 riteniamo che la politica di bilancio debba restare espansiva, nel 2024 che possa tornare neutrale, abbiamo scelto di utilizzare questo miglioramento\" dei conti pubblici, questi margini per accelerare la ripresa nell'immediato e porre le basi per una crescita stabilmente pi\u00f9 elevata\" ha spiegato&nbsp;davanti alle commissioni Bilancio di Camera e Senato&nbsp;descrivendo il quadro tendenziale e programmatico dell'indebitamento netto: \"Gli obiettivi di deficit sono superiori al tendenziale, un divario che non va chiamato 'tesoretto' - ha detto - perch\u00e9 non vi sono considerati gli aumenti contrattuali, n\u00e9 le proroghe di molte politiche, quindi considerato questo il margine diventa molto stretto, il margine sembra grandissimo ma quando uno lo riempie con tutte le politiche in atto da vari anni il margine si riduce notevolmente\".<\/p>\n\n\n\n<p>Franco ha quindi indicato che \"il gap tra i due saldi dovrebbe consentirci di coprire la gestione nel triennio dei residui di effetti della pandemia, le politiche invariate e varie misure di politica economica gi\u00e0 avviate, tra cui incentivi pubblici, industriali e immobiliari, e di avviare l'alleggerimento del carico fiscale\".<\/p>\n\n\n\n<p>\"L'aumento del costo dell'energia \u00e8 uno degli elementi di incertezza pi\u00f9 importanti\" ma il governo si attende che \"ad inizio dell'anno prossimo si attenuer\u00e0\" ha poi sottolineato Franco. \"Vi \u00e8 la sensazione - ha detto - che il fenomeno sia temporaneo. Il petrolio prevede un picco invernale e poi riduzione prezzi. Detto questo \u00e8 un tema che va monitorato e bisogna valutare se a livello nazionale o europeo vi siano modi per attenuare a questa dinamica\".<\/p>\n\n\n\n<p>\"La dinamica del rapporto debito\/Pil\" \u00e8 un punto debole perch\u00e9 il rapporto \u00e8 molto elevato, e la pandemia ha peggiorato la situazione\", ma \"il nostro debito \u00e8 pienamente sostenibile\" ha detto poi il ministro spiegando che \"abbiamo un'occasione che non avevamo da anni, di debito molto ampio ma con costo medio molto basso\", ed \u00e8 un'occasione \"per abbatterlo il pi\u00f9 rapidamente possibile\".<\/p>\n","protected":false},"excerpt":{"rendered":"<p>Roma, 6 Ott 2021 &#8211; &#8220;Nel triennio 2022-2024 ci sono margini per intervenire sugli ammortizzatori sociali e &#8220;avviare un processo di alleggerimento del carico fiscale&#8221;.&#8230;<\/p>\n","protected":false},"author":2,"featured_media":212674,"comment_status":"closed","ping_status":"open","sticky":false,"template":"","format":"standard","meta":[],"categories":[49,51],"tags":[],"_links":{"self":[{"href":"https:\/\/www.cronacaonline.it\/index.php\/wp-json\/wp\/v2\/posts\/212673"}],"collection":[{"href":"https:\/\/www.cronacaonline.it\/index.php\/wp-json\/wp\/v2\/posts"}],"about":[{"href":"https:\/\/www.cronacaonline.it\/index.php\/wp-json\/wp\/v2\/types\/post"}],"author":[{"embeddable":true,"href":"https:\/\/www.cronacaonline.it\/index.php\/wp-json\/wp\/v2\/users\/2"}],"replies":[{"embeddable":true,"href":"https:\/\/www.cronacaonline.it\/index.php\/wp-json\/wp\/v2\/comments?post=212673"}],"version-history":[{"count":1,"href":"https:\/\/www.cronacaonline.it\/index.php\/wp-json\/wp\/v2\/posts\/212673\/revisions"}],"predecessor-version":[{"id":212675,"href":"https:\/\/www.cronacaonline.it\/index.php\/wp-json\/wp\/v2\/posts\/212673\/revisions\/212675"}],"wp:featuredmedia":[{"embeddable":true,"href":"https:\/\/www.cronacaonline.it\/index.php\/wp-json\/wp\/v2\/media\/212674"}],"wp:attachment":[{"href":"https:\/\/www.cronacaonline.it\/index.php\/wp-json\/wp\/v2\/media?parent=212673"}],"wp:term":[{"taxonomy":"category","embeddable":true,"href":"https:\/\/www.cronacaonline.it\/index.php\/wp-json\/wp\/v2\/categories?post=212673"},{"taxonomy":"post_tag","embeddable":true,"href":"https:\/\/www.cronacaonline.it\/index.php\/wp-json\/wp\/v2\/tags?post=212673"}],"curies":[{"name":"wp","href":"https:\/\/api.w.org\/{rel}","templated":true}]}}