{"id":212575,"date":"2021-10-03T15:32:55","date_gmt":"2021-10-03T13:32:55","guid":{"rendered":"https:\/\/www.cronacaonline.it\/?p=212575"},"modified":"2021-10-03T15:32:57","modified_gmt":"2021-10-03T13:32:57","slug":"piccolo-aereo-precipita-su-palazzina-di-san-donato-milanese-morti-il-pilota-e-i-7-passeggeri","status":"publish","type":"post","link":"https:\/\/www.cronacaonline.it\/index.php\/2021\/10\/03\/piccolo-aereo-precipita-su-palazzina-di-san-donato-milanese-morti-il-pilota-e-i-7-passeggeri\/","title":{"rendered":"Piccolo aereo precipita su palazzina di San Donato Milanese: morti il pilota e i 7 passeggeri."},"content":{"rendered":"\n<p>Cagliari, 3 Ott 2021 - \"A seguito di ulteriori verifiche, le persone decedute a bordo del velivolo risultano otto (un pilota e 7 passeggeri)\". Lo ha reso noto e confermato l'Agenzia Regionale Emergenza Urgenza che inizialmente aveva comunicato il decesso di sei persone (il pilota e 5 passeggeri). Sono in corso le operazioni di identificazione dei corpi. Al momento non risultano altre persone coinvolte nell'evento.<\/p>\n\n\n\n<p>A bordo il pilota, il copilota, cinque adulti e un bambino. Dalle prime informazioni il pilota del Piper era un cittadino tedesco e a bordo, tra i passeggeri, c'era anche una cittadina francese. L'Areu (agenzia regionale emergenza urgenza)&nbsp;spiega che sono in corso le operazioni di identificazione dei corpi.<\/p>\n\n\n\n<p>L'ultraleggero privato si \u00e8 schiantato su una palazzina vuota, in ristrutturazione, in via Marignano, vicino alla stazione della Metropolitana di San Donato. Il piccolo aereo leggero, alcune auto e la palazzina sono in fiamme.<\/p>\n\n\n\n<p>Il velivolo era decollato dall'aeroporto di Linate e diretto in Sardegna. Al momento sono in corso le operazioni di verifica di eventuali altri coinvolti.<\/p>\n\n\n\n<p>L'incidente aereo \u00e8 avvenuto all'incrocio tra via 8 ottobre 2001 e via Marignano, nella zona di San Donato. Sul posto sono intervenuti: elisoccorso, un'automedica, quattro ambulanze, Vigili del Fuoco, Carabinieri, Polizia e Vigili Urbani.<\/p>\n\n\n\n<p>\"L'aereo aveva un motore in fiamme ed \u00e8 venuto gi\u00f9 in picchiata, non si sono viste manovre, ma \u00e8 proprio precipitato\". Cos\u00ec alcun testimoni che hanno visto il Piper precipitare sulla palazzina a San Donato Milanese.<\/p>\n\n\n\n<p>L'Agenzia nazionale per la sicurezza del volo (Ansv) ha aperto un'inchiesta sull'incidente aereo avvenuto a San Donato Milanese e disposto l'invio di un investigatore sul posto. Secondo quanto ricostruito finora dall'agenzia, \"il velivolo PC-12 marche di identificazione YR-PDV, era decollato da Linate alle 13:04 con destinazione Olbia. L'aereo ha colpito un edificio stabile e si \u00e8 incendiato\".&nbsp;<\/p>\n","protected":false},"excerpt":{"rendered":"<p>Cagliari, 3 Ott 2021 &#8211; &#8220;A seguito di ulteriori verifiche, le persone decedute a bordo del velivolo risultano otto (un pilota e 7 passeggeri)&#8221;. Lo&#8230;<\/p>\n","protected":false},"author":2,"featured_media":212576,"comment_status":"closed","ping_status":"open","sticky":false,"template":"","format":"standard","meta":[],"categories":[49,51],"tags":[],"_links":{"self":[{"href":"https:\/\/www.cronacaonline.it\/index.php\/wp-json\/wp\/v2\/posts\/212575"}],"collection":[{"href":"https:\/\/www.cronacaonline.it\/index.php\/wp-json\/wp\/v2\/posts"}],"about":[{"href":"https:\/\/www.cronacaonline.it\/index.php\/wp-json\/wp\/v2\/types\/post"}],"author":[{"embeddable":true,"href":"https:\/\/www.cronacaonline.it\/index.php\/wp-json\/wp\/v2\/users\/2"}],"replies":[{"embeddable":true,"href":"https:\/\/www.cronacaonline.it\/index.php\/wp-json\/wp\/v2\/comments?post=212575"}],"version-history":[{"count":1,"href":"https:\/\/www.cronacaonline.it\/index.php\/wp-json\/wp\/v2\/posts\/212575\/revisions"}],"predecessor-version":[{"id":212577,"href":"https:\/\/www.cronacaonline.it\/index.php\/wp-json\/wp\/v2\/posts\/212575\/revisions\/212577"}],"wp:featuredmedia":[{"embeddable":true,"href":"https:\/\/www.cronacaonline.it\/index.php\/wp-json\/wp\/v2\/media\/212576"}],"wp:attachment":[{"href":"https:\/\/www.cronacaonline.it\/index.php\/wp-json\/wp\/v2\/media?parent=212575"}],"wp:term":[{"taxonomy":"category","embeddable":true,"href":"https:\/\/www.cronacaonline.it\/index.php\/wp-json\/wp\/v2\/categories?post=212575"},{"taxonomy":"post_tag","embeddable":true,"href":"https:\/\/www.cronacaonline.it\/index.php\/wp-json\/wp\/v2\/tags?post=212575"}],"curies":[{"name":"wp","href":"https:\/\/api.w.org\/{rel}","templated":true}]}}