{"id":212405,"date":"2021-09-29T19:28:31","date_gmt":"2021-09-29T17:28:31","guid":{"rendered":"https:\/\/www.cronacaonline.it\/?p=212405"},"modified":"2021-09-29T19:28:32","modified_gmt":"2021-09-29T17:28:32","slug":"draghi-quadro-economico-di-gran-lunga-migliore-di-come-pensavamo-ce-fiducia-nellitalia","status":"publish","type":"post","link":"https:\/\/www.cronacaonline.it\/index.php\/2021\/09\/29\/draghi-quadro-economico-di-gran-lunga-migliore-di-come-pensavamo-ce-fiducia-nellitalia\/","title":{"rendered":"Draghi: &#8220;Quadro economico di gran lunga migliore di come pensavamo. C&#8217;\u00e8 fiducia nell&#8217;Italia&#8221;."},"content":{"rendered":"\n<p>Roma, 29 Sett 2021 - \"Vorrei esprimere il pi\u00f9 sentito cordoglio del governo, mio, per i morti sul lavoro che ieri e oggi hanno funestato la scena e l'ambiente psicologico ed economico del Paese. La pi\u00f9 sentita vicinanza ai familiari e ai loro cari\". Il premier Mario Draghi apre la conferenza stampa di presentazione della nota di aggiornamento al\u00a0Def appena approvata dal Cdm, leggendo i nomi delle vittime. Solo oggi se ne sono registrate tre, due in Puglia in cantieri per ristrutturazioni, uno sulla autostrada A14. \"Assume sempre di pi\u00f9 i contorni di una strage che continua ogni giorno\" aggiunge Draghi,\u00a0sottolineando che \"c'\u00e8 l'esigenza di prendere provvedimenti immediatamente, entro la settimana prossima. E poi affronteremo i nodi irrisolti\", spiega a proposito della sicurezza nei luoghi di lavoro.<\/p>\n\n\n\n<p>\"Pene pi\u00f9 severe e immediate, collaborazione all'interno dell'azienda per individuare precocemente le debolezze in tema di sicurezza lavoro\" rimarca, dopo aver&nbsp;citato le parole del presidente di Confindustria, Carlo Bonomi, perch\u00e9 \"chi \u00e8 sul campo avverta immediatamente se ci sono debolezze\".<\/p>\n\n\n\n<p>\"Il quadro economico \u00e8 di gran lunga migliore di quello che noi stessi pensavamo potesse essere cinque mesi fa\" ha detto Draghi. \"Abbiamo approvato la nota di aggiornamento al Def che contiene le previsioni del governo sull'andamento dell'economia e della finanza pubblica. Ringrazio Franco con il suo staff e i collaboratori per tutto il lavoro fatto nel corso di quest'anno: ci sono state gi\u00e0 tre leggi di bilancio. Un lavoro straordinario\".<\/p>\n\n\n\n<p>\"Il debito pubblico- dice ancora il premier-&nbsp;\u00e8 in lieve discesa e mi sono chiesto cosa significa: \u00e8 la prima conferma che dal problema dell'alto debito pubblico si esce prima di tutto con la crescita\".<\/p>\n\n\n\n<p>\"Ora C'\u00e8 fiducia nell'Italia, fra gli italiani e nel resto del mondo nei confronti dell'Italia, un'altra notizia positiva\" continua il presidente del Consiglio.&nbsp;Draghi sottolinea&nbsp;che fra l'altro si prevede per gli investimenti un aumento di circa il 15% quest'anno e di oltre il 6% il prossimo, dopo il calo del 9,2% nel 2020. \"Un rimbalzo -dice - che recupera tutto ci\u00f2 che \u00e8 stato perso lo scorso anno e anche pi\u00f9\".<\/p>\n\n\n\n<p>\"La legge di bilancio che presenteremo tra poche settimane rimarr\u00e0 fondamentalmente espansiva\" continua Draghi. \"Dobbiamo stare attenti a quali misure contribuiscono a una crescita equa, sostenibile e duratura e quali indifferenti per questa crescita\", sottolinea in vista della manovra. \"La sfida pi\u00f9 importante \u00e8 rendere la crescita equa e sostenibile, duratura, strutturale, a tassi di crescita pi\u00f9 alti di quelli precedenti la pandemia che erano veramente molto bassi ed erano alla base della crisi continua dell'economia\".<\/p>\n\n\n\n<p>La possibile candidatura di Roma per l'Expo 2030, insieme al Giubileo 2025, \"ci dice che il sentiero per Roma \u00e8 un sentiero di crescita, di attivit\u00e0, spero che negli anni serva a migliorare la condizione economica e sociale per la citt\u00e0\" dice il premier.<\/p>\n\n\n\n<p>\"La vaccinazione \u00e8 alla base della ripresa, gli scolari sono tornati a scuola: \u00e8 stato un passaggio difficile ma tutto sommato risolto con successo. Questa constatazione ci dice che questo \u00e8 un ingrediente fondamentale per la crescita, da proteggere in tutti i modi: dobbiamo fare di tutto e se ci fosse una recrudescenza la affronteremo senza ospedalizzazioni diffuse e pressione\" sulle strutture ospedaliere. Lo dice Mario Draghi in conferenza stampa, sottolineando come \"il vaccino sia l'unico modo sicuro per proteggere noi stessi e i nostri cari\".<\/p>\n\n\n\n<p>\"Per la bonifica dell'area di Bagnoli a Napoli il Cdm ha deciso di attribuire la funzione di commissario al sindaco, quale esso o essa sia. \u00c8 una vicenda lunga, speriamo di far bene almeno migliorando la gestione e il governo, conclude il premier, dando la parola al ministro dell'Economia, Daniele Franco.<\/p>\n\n\n\n<p>Tutti i previsori si stanno avvicinando al forte miglioramento delle prospettive di crescita dell'Italia da parte del Governo italiano e vista la crescita acquisita \"anche ipotizzando un rallentamento nell'ultima parte dell'anno, giungeremmo molto tranquillamente al 6% o comunque molto vicino\" spiega il ministro dell'Economia. Franco spiega che \"rispetto alla flessione subita l'anno scorso, di quasi il 9%, ne recuperiamo circa i due terzi\". Bene mercato del lavoro, l'occupazione migliora del 2,5%<\/p>\n\n\n\n<p>Tra i dati registrati dal governo c'\u00e8 \"l'andamento positivo del mercato lavoro: a luglio rispetto a gennaio c'\u00e8 un incremento del 2,5% del livello di occupazione, inferiore rispetto agli anni pre crisi ma i progressi sono positivi\" sottolinea Franco.<\/p>\n\n\n\n<p>\"Il debito pubblico va ridotto, la crescita \u00e8 lo strumento principe e il tasso di crescita pensiamo sar\u00e0 pi\u00f9 alto del nostro passato. Per concludere, vediamo una ripresa nel 2021 che continua nel 2022 e tassi di crescita ancora significativi nel 2023 e 2024: e qui ci sar\u00e0 il vero test della politica economica, \u00e8 l\u00ec che si vedr\u00e0 la differenza rispetto agli anni scorsi. Ovviamente il Pnrr \u00e8 cruciale ma tutti gli strumenti vanno usati e in primis la legge bilancio che ci dobbiamo chiedere se garantisce dunque investimenti, maggiore produttivit\u00e0 e tassi di occupazione pi\u00f9 elevati\" dice ancora il ministro dell'Economia.<\/p>\n\n\n\n<p>\"Dobbiamo introdurre delle norme e lo faremo molto presto, credo gi\u00e0 la prossima settimana, che anticipino un Piano di carattere pi\u00f9 complessivo. Norme che individuino sanzioni pi\u00f9 tempestive per imprese che non rispettano le regole, che facilitino la possibilit\u00e0 di raccogliere i dati per chi compie violazioni all'interno del frammentato tessuto economico delle imprese e poi potenziamento delle strutture di controllo che si articola su due livelli: potenziamento delle competenze e dell'organico dell'Ispettorato del lavoro, ma anche un monitoraggio sull'attivit\u00e0 delle Aziende sanitarie\". Cos\u00ec Andrea Orlando sugli incidenti sul lavoro.<\/p>\n","protected":false},"excerpt":{"rendered":"<p>Roma, 29 Sett 2021 &#8211; &#8220;Vorrei esprimere il pi\u00f9 sentito cordoglio del governo, mio, per i morti sul lavoro che ieri e oggi hanno funestato&#8230;<\/p>\n","protected":false},"author":2,"featured_media":211412,"comment_status":"closed","ping_status":"open","sticky":false,"template":"","format":"standard","meta":[],"categories":[49,50],"tags":[],"_links":{"self":[{"href":"https:\/\/www.cronacaonline.it\/index.php\/wp-json\/wp\/v2\/posts\/212405"}],"collection":[{"href":"https:\/\/www.cronacaonline.it\/index.php\/wp-json\/wp\/v2\/posts"}],"about":[{"href":"https:\/\/www.cronacaonline.it\/index.php\/wp-json\/wp\/v2\/types\/post"}],"author":[{"embeddable":true,"href":"https:\/\/www.cronacaonline.it\/index.php\/wp-json\/wp\/v2\/users\/2"}],"replies":[{"embeddable":true,"href":"https:\/\/www.cronacaonline.it\/index.php\/wp-json\/wp\/v2\/comments?post=212405"}],"version-history":[{"count":1,"href":"https:\/\/www.cronacaonline.it\/index.php\/wp-json\/wp\/v2\/posts\/212405\/revisions"}],"predecessor-version":[{"id":212406,"href":"https:\/\/www.cronacaonline.it\/index.php\/wp-json\/wp\/v2\/posts\/212405\/revisions\/212406"}],"wp:featuredmedia":[{"embeddable":true,"href":"https:\/\/www.cronacaonline.it\/index.php\/wp-json\/wp\/v2\/media\/211412"}],"wp:attachment":[{"href":"https:\/\/www.cronacaonline.it\/index.php\/wp-json\/wp\/v2\/media?parent=212405"}],"wp:term":[{"taxonomy":"category","embeddable":true,"href":"https:\/\/www.cronacaonline.it\/index.php\/wp-json\/wp\/v2\/categories?post=212405"},{"taxonomy":"post_tag","embeddable":true,"href":"https:\/\/www.cronacaonline.it\/index.php\/wp-json\/wp\/v2\/tags?post=212405"}],"curies":[{"name":"wp","href":"https:\/\/api.w.org\/{rel}","templated":true}]}}