{"id":212374,"date":"2021-09-29T12:16:59","date_gmt":"2021-09-29T10:16:59","guid":{"rendered":"https:\/\/www.cronacaonline.it\/?p=212374"},"modified":"2021-09-29T12:17:01","modified_gmt":"2021-09-29T10:17:01","slug":"via-libera-dal-consiglio-dei-ministri-a-nadef-e-al-decreto-su-irap-proroghe-referendum-assegno-unico","status":"publish","type":"post","link":"https:\/\/www.cronacaonline.it\/index.php\/2021\/09\/29\/via-libera-dal-consiglio-dei-ministri-a-nadef-e-al-decreto-su-irap-proroghe-referendum-assegno-unico\/","title":{"rendered":"Via libera dal Consiglio dei Ministri a NaDef e al decreto su Irap, proroghe referendum, assegno unico."},"content":{"rendered":"\n<p>Roma, 29 Sett 201 - Il Consiglio dei ministri ha appena\u00a0approvato la Nota di aggiornamento al Def. Lo riferiscono fonti di\u00a0governo presenti alla riunione. Poco prima il Cdm aveva dato il via libera al decreto legge\u00a0con norme di giustizia e di proroga di un mese dei termini in\u00a0scadenza per i referendum, l'assegno unico e l'Irap.\u00a0 Il provvedimento introduce la par\u00a0condicio per tutti i referendum: le firme potranno essere raccolte fino al 31\u00a0ottobre 2021. I ministri della Lega non hanno partecipato al voto in Cdm,\u00a0perch\u00e9 contrari alla proroga delle raccolta delle firme su alcuni temi, in\u00a0particolare il referendum sulla cannabis.<\/p>\n\n\n\n<p>\"Vi \u00e8 una&nbsp;concreta possibilit\u00e0 di recuperare gradualmente normali&nbsp;livelli di apertura nelle attivit\u00e0 sociali, culturali e&nbsp;sportive, il che contribuir\u00e0 a raggiungere il livello di Pil&nbsp;trimestrale precrisi entro la met\u00e0 del prossimo anno\". Lo&nbsp;indica il ministro dell'Economia, Daniele Franco, nella&nbsp;premessa alla Nadef, secondo quanto si legge in una bozza del&nbsp;documento. \"Conseguita questa prima tappa - prosegue Franco -&nbsp;comincer\u00e0 la fase di vera e propria espansione economica,&nbsp;che porter\u00e0 la crescita del Pil e dell'occupazione&nbsp;nettamente al disopra dei ritmi registrati nell'ultimo&nbsp;decennio\".<\/p>\n\n\n\n<p>\"Molto positivo il prolungamento di&nbsp;misure adottate al mise nel corso del 2020 come il superbonus&nbsp;110%, transizione 4.0 e il potenziamento del fondo centrale di&nbsp;garanzia per le Pmi. Sono state tre riforme targate Movimento 5&nbsp;stelle che sono state accolte con entusiasmo dal mondo&nbsp;dell'impresa e che segnano una base su cui puntare per&nbsp;stabilizzare la crescita del paese\". Lo scrive su facebook il ministro&nbsp;delle Politiche agricole, Stefano Patuanelli, dopo che il&nbsp;Consiglio dei ministri ha dato il via libera alla NaDef.&nbsp;<\/p>\n\n\n\n<p>\"Il pi\u00f9 alto livello di Pil e il minor deficit fanno anche s\u00ec che il rapporto tra debito pubblico e prodotto non salga ulteriormente quest'anno, come previsto nel Def, ma scenda invece al 153,5 per cento, dal 155,6 per cento nel 2020\". Lo si legge nella bozza della nota di aggiornamento al documento di economia e finanza con le previsioni economiche per il 2021.<\/p>\n\n\n\n<p>Il deficit torna sotto il 10%, riducendo il livello rispetto alle previsioni di primavera. L'indebitamento netto, come si legge nella bozza della nota di aggiornamento al Def sul tavolo del consiglio dei ministri, nel 2021 si attester\u00e0 al 9,4% (dall'11,8 stimato nel Def). Nel 2022 il deficit sar\u00e0 al 5,6%, per scendere al 3,9% nel 2023 e avvicinarsi al 3% nel 2024 (3,3%).<\/p>\n\n\n\n<p>\"L'obiettivo che il Governo si \u00e8 dato di&nbsp;vaccinare l'80 per cento della popolazione sopra ai dodici anni con&nbsp;doppia dose sar\u00e0 conseguito nei prossimi giorni; oltre l'83 per cento&nbsp;degli italiani over 12 ha gi\u00e0 ricevuto almeno una dose vaccinale e a&nbsp;pi\u00f9 del 6 per cento \u00e8 gi\u00e0 stata somministrata una terza inoculazione&nbsp;di richiamo. A inizio estate si \u00e8 assistito ad una ripresa dei contagi&nbsp;da Covid-19, anche per via della diffusione della variante Delta del&nbsp;Sars-Cov-2, pi\u00f9 contagiosa. Tuttavia, nel mese di settembre la 'quarta&nbsp;ondata' dell'epidemia ha rallentato, e gli ultimi dati indicano meno&nbsp;di 40 contagi alla settimana per 100 mila abitanti\". Lo si legge nella&nbsp;premessa che accompagna la Nota di aggiornamento del Def, appena&nbsp;approvata dal Cdm.<\/p>\n\n\n\n<p>Aumento dell'offerta degli asili nido, potenziamento&nbsp;dei servizi sociali e di trasporto per gli studenti disabili. Sono alcune delle&nbsp;misure che saranno adottate con la prossima legge di bilancio anticipate nella&nbsp;nota di aggiornamento della Nadef.<\/p>\n\n\n\n<p>\"Con riferimento ai servizi asili nido - si legge nel testo - l'obiettivo \u00e8&nbsp;quello di assicurare che almeno il 33 per cento della popolazione di bambini&nbsp;residenti ricompresi nella fascia di et\u00e0 da tre a 36 mesi possa usufruire nel&nbsp;2026 del servizio su base locale\".<\/p>\n\n\n\n<p>\"Per quanto concerne, invece, i servizi sociali erogati a livello locale dai&nbsp;Comuni - prosegue la Nadef - l'intervento legislativo che sar\u00e0 incluso nella&nbsp;Legge di Bilancio si propone di orientare gradualmente l'utilizzo del Fondo di&nbsp;solidariet\u00e0 comunale, gi\u00e0 incrementato dalla legge di bilancio 2021 e&nbsp;genericamente dedicato al potenziamento dei servizi sociali, verso l'obiettivo&nbsp;di servizio di un assistente sociale ogni 6.500 abitanti. Infine, saranno&nbsp;introdotte misure volte a potenziare il trasporto scolastico di studenti&nbsp;disabili delle scuole dell'infanzia, primaria e secondaria di primo grado\".<\/p>\n\n\n\n<p>Il Presidente del Consiglio, Mario Draghi, oggi alle&nbsp;16 terr\u00e0 una conferenza stampa insieme al ministro dell'Economia e delle Finanze, Daniele Franco, presso la Sala Polifunzionale della Presidenza del Consiglioper fare il punto sulla Nota di aggiornamento al Def appena licenziata in Consiglio dei ministri.<\/p>\n\n\n\n<p>Sono 20 i&nbsp;disegni di legge collegati alla Legge di bilancio, secondo&nbsp;quanto indica la bozza della Nadef. I provvedimenti in questione&nbsp;sono: Ddl recante \"legge quadro per le disabilita'\";&nbsp;&nbsp;Ddl di revisione del Testo Unico dell'ordinamento degli enti&nbsp;locali; Ddl delega riforma fiscale; Ddl delega riforma&nbsp;giustizia tributaria; Ddl riordino settore dei giochi; Ddl su&nbsp;revisione organica degli incentivi alle imprese e&nbsp;potenziamento, razionalizzazione, semplificazione del sistema&nbsp;degli incentivi alle imprese del Mezzogiorno; Ddl su&nbsp;disposizioni per lo sviluppo delle filiere e per favorire&nbsp;l'aggregazione tra imprese; Ddl di revisione del Dlgs 10&nbsp;febbraio 2010, n. 33 (codice della propriet\u00e0&nbsp;industriale); Ddl per l'aggiornamento e il riordino della&nbsp;disciplina in materia di salute e sicurezza nei luoghi di&nbsp;lavoro; Ddl in materia di titoli universitari abilitanti&nbsp;(cosiddetto Ddl \"lauree abilitanti\"); Ddl delega al Governo e&nbsp;altre disposizioni in materia di spettacolo; Ddl recante&nbsp;misure di attuazione del Patto per la salute 2019-2021 e per&nbsp;il potenziamento dell'assistenza territoriale; Ddl \"delega&nbsp;recante principi e criteri direttivi per il riordino della&nbsp;disciplina degli Istituti di ricovero e cura a carattere&nbsp;scientifico di diritto pubblico, di cui al decreto&nbsp;legislativo 16 ottobre 2003, n. 288\"; Ddl delega al Governo&nbsp;per il coordinamento e il graduale aggiornamento della&nbsp;fascia anagrafica di riferimento delle politiche giovanili&nbsp;nonch\u00e9 misure per la promozione dell'autonomia e&nbsp;dell'emancipazione dei giovani\"; Ddl di delega per la riforma&nbsp;del decreto legislativo 29 marzo 2004, n. 102&nbsp;(\"Interventi finanziari a sostegno delle imprese agricole, a&nbsp;norma dell'articolo 1, comma 2, lettera i), della legge 7&nbsp;marzo 2003, n. 38\"); Ddl 'Sistema degli interventi a favore&nbsp;degli anziani non autosufficienti\"; Ddl 'Legge sulla&nbsp;montagna'; Ddl in materia di riforma della magistratura&nbsp;onoraria; Ddl 'Valorizzazione del sistema della formazione&nbsp;superiore e della ricerca'; Ddl 'Legge annuale sulla&nbsp;concorrenza 2021'.<\/p>\n","protected":false},"excerpt":{"rendered":"<p>Roma, 29 Sett 201 &#8211; Il Consiglio dei ministri ha appena\u00a0approvato la Nota di aggiornamento al Def. Lo riferiscono fonti di\u00a0governo presenti alla riunione. Poco&#8230;<\/p>\n","protected":false},"author":2,"featured_media":188638,"comment_status":"closed","ping_status":"open","sticky":false,"template":"","format":"standard","meta":[],"categories":[49,50],"tags":[],"_links":{"self":[{"href":"https:\/\/www.cronacaonline.it\/index.php\/wp-json\/wp\/v2\/posts\/212374"}],"collection":[{"href":"https:\/\/www.cronacaonline.it\/index.php\/wp-json\/wp\/v2\/posts"}],"about":[{"href":"https:\/\/www.cronacaonline.it\/index.php\/wp-json\/wp\/v2\/types\/post"}],"author":[{"embeddable":true,"href":"https:\/\/www.cronacaonline.it\/index.php\/wp-json\/wp\/v2\/users\/2"}],"replies":[{"embeddable":true,"href":"https:\/\/www.cronacaonline.it\/index.php\/wp-json\/wp\/v2\/comments?post=212374"}],"version-history":[{"count":1,"href":"https:\/\/www.cronacaonline.it\/index.php\/wp-json\/wp\/v2\/posts\/212374\/revisions"}],"predecessor-version":[{"id":212375,"href":"https:\/\/www.cronacaonline.it\/index.php\/wp-json\/wp\/v2\/posts\/212374\/revisions\/212375"}],"wp:featuredmedia":[{"embeddable":true,"href":"https:\/\/www.cronacaonline.it\/index.php\/wp-json\/wp\/v2\/media\/188638"}],"wp:attachment":[{"href":"https:\/\/www.cronacaonline.it\/index.php\/wp-json\/wp\/v2\/media?parent=212374"}],"wp:term":[{"taxonomy":"category","embeddable":true,"href":"https:\/\/www.cronacaonline.it\/index.php\/wp-json\/wp\/v2\/categories?post=212374"},{"taxonomy":"post_tag","embeddable":true,"href":"https:\/\/www.cronacaonline.it\/index.php\/wp-json\/wp\/v2\/tags?post=212374"}],"curies":[{"name":"wp","href":"https:\/\/api.w.org\/{rel}","templated":true}]}}