{"id":212338,"date":"2021-09-28T15:18:01","date_gmt":"2021-09-28T13:18:01","guid":{"rendered":"https:\/\/www.cronacaonline.it\/?p=212338"},"modified":"2021-09-28T15:18:03","modified_gmt":"2021-09-28T13:18:03","slug":"terremoto-2009-anche-draghi-fa-la-sua-comparsata-a-laquila-e-inaugura-il-parco-della-memoria","status":"publish","type":"post","link":"https:\/\/www.cronacaonline.it\/index.php\/2021\/09\/28\/terremoto-2009-anche-draghi-fa-la-sua-comparsata-a-laquila-e-inaugura-il-parco-della-memoria\/","title":{"rendered":"Terremoto 2009, anche Draghi fa la sua comparsata a L&#8217;Aquila e inaugura il Parco della memoria."},"content":{"rendered":"\n<p>Cagliari, 28 Sett 2021 - \"Le 309 vittime sono 309 angeli\", ha detto il Premier Mario Draghi nel suo discorso a L'Aquila in occasione dell'inaugurazione del Parco della Memoria dedicato alle vittime del sisma del 6 aprile 2009. Draghi ha sottolineato che \"la mia presenza qui serve a ribadire il dovere del ricordo. Il terremoto deve essere memoria collettiva dell'Italia e del mondo\".\u00a0Dopo aver espresso il suo cordoglio Draghi ha continuato dicendo che \"il terremoto \u00e8 una\u00a0ferita profonda inferta alla comunit\u00e0, non possiamo e non dobbiamo dimenticare\", e che \"il governo deve avere la responsabilit\u00e0 dell'azione\".<\/p>\n\n\n\n<p>Al centro del piazzale dove sorge il Parco \u00e8 stato collocato un obelisco alto quindici metri, all'interno di una fontana monumentale. La scelta del luogo non \u00e8 casuale: il piazzale, infatti, \u00e8 ricompreso nell'area delimitata da via XX settembre, via Campo di Fossa e via Luigi Sturzo, le tre strade della citt\u00e0 in cui si registr\u00f2 il pi\u00f9 alto numero di decessi la notte del 6 aprile 2009. Il premier \u00e8 stato accompagnato dalla ministra per il Sud e la Coesione territoriale, Mara Carfagna.<\/p>\n\n\n\n<p>\"Dobbiamo accelerare. \u00c8 un obbligo morale\". Cos\u00ec il premier Mario Draghi a L'Aquila, in relazione alla ricostruzione post sisma. \"Dobbiamo accelerare, per l'obbligo morale che abbiamo verso voi tutti cittadini - ha continuato Draghi - e dobbiamo farlo per aiutare la ripresa economica di queste zone. Il terremoto del 2009 ha causato una perdita stimata in oltre 200 milioni di euro all'anno. L'11% circa del valore aggiunto complessivo dell'area, a cui si sono aggiunti i danni della pandemia. Il tessuto sociale e produttivo dell'Abruzzo \u00e8 rimasto vivo nonostante le tragedie e le difficolt\u00e0.<\/p>\n\n\n\n<p>Dobbiamo continuare a sostenerlo\", ha continuato il premier. \"Abbiamo costruito per gli investimenti del PNRR e del Fondo Complementare un modello di governare che punti sulla semplificazione delle procedure e sullo stretto&nbsp;coordinamento delle amministrazioni centrali e territoriali. Vogliamo valorizzare l'esperienza maturata sul campo dai sindaci,&nbsp;dagli amministratori regionali e locali, e dalle strutture&nbsp;tecniche e commissariali del governo\".&nbsp;Riferendosi alla ricostruzione post sisma, e ai progetti inseriti nel Pnrr, Draghi aggiunge a commento del fondo da 1,78 miliardi destinato alla ricostruzione.<\/p>\n\n\n\n<p>Nel dettaglio, \"destiniamo oltre un miliardo di euro per restituire vitalit\u00e0 alle comunit\u00e0 locali e in particolare per rendere le citt\u00e0 e i borghi sicuri, sostenibili e connessi. Altri 700 milioni di euro vanno allo sviluppo e al rilancio economico e sociale. Sosteniamo le imprese innovative, e valorizziamo le risorse ambientali e le vocazioni produttive locali, come l'agroalimentare e le imprese culturali, turistiche e creative. Realizziamo centri di ricerca e formazione, come il centro di formazione tecnica per la pubblica amministrazione che sar\u00e0 realizzato nel comune dell'Aquila\". Investimenti, ha concluso sul punto Draghi, che \"vogliono essere un impegno concreto per la ripartenza. Queste cose si realizzano solo se c'\u00e8 collaborazione, quasi osmosi, tra il ruolo del governo, degli enti locali e delle regioni. E voi ci siete riusciti\", dice agli amministratori locali abruzzesi.<\/p>\n","protected":false},"excerpt":{"rendered":"<p>Cagliari, 28 Sett 2021 &#8211; &#8220;Le 309 vittime sono 309 angeli&#8221;, ha detto il Premier Mario Draghi nel suo discorso a L&#8217;Aquila in occasione dell&#8217;inaugurazione&#8230;<\/p>\n","protected":false},"author":2,"featured_media":212339,"comment_status":"closed","ping_status":"open","sticky":false,"template":"","format":"standard","meta":[],"categories":[49,50],"tags":[],"_links":{"self":[{"href":"https:\/\/www.cronacaonline.it\/index.php\/wp-json\/wp\/v2\/posts\/212338"}],"collection":[{"href":"https:\/\/www.cronacaonline.it\/index.php\/wp-json\/wp\/v2\/posts"}],"about":[{"href":"https:\/\/www.cronacaonline.it\/index.php\/wp-json\/wp\/v2\/types\/post"}],"author":[{"embeddable":true,"href":"https:\/\/www.cronacaonline.it\/index.php\/wp-json\/wp\/v2\/users\/2"}],"replies":[{"embeddable":true,"href":"https:\/\/www.cronacaonline.it\/index.php\/wp-json\/wp\/v2\/comments?post=212338"}],"version-history":[{"count":1,"href":"https:\/\/www.cronacaonline.it\/index.php\/wp-json\/wp\/v2\/posts\/212338\/revisions"}],"predecessor-version":[{"id":212340,"href":"https:\/\/www.cronacaonline.it\/index.php\/wp-json\/wp\/v2\/posts\/212338\/revisions\/212340"}],"wp:featuredmedia":[{"embeddable":true,"href":"https:\/\/www.cronacaonline.it\/index.php\/wp-json\/wp\/v2\/media\/212339"}],"wp:attachment":[{"href":"https:\/\/www.cronacaonline.it\/index.php\/wp-json\/wp\/v2\/media?parent=212338"}],"wp:term":[{"taxonomy":"category","embeddable":true,"href":"https:\/\/www.cronacaonline.it\/index.php\/wp-json\/wp\/v2\/categories?post=212338"},{"taxonomy":"post_tag","embeddable":true,"href":"https:\/\/www.cronacaonline.it\/index.php\/wp-json\/wp\/v2\/tags?post=212338"}],"curies":[{"name":"wp","href":"https:\/\/api.w.org\/{rel}","templated":true}]}}