{"id":212168,"date":"2021-09-24T08:38:17","date_gmt":"2021-09-24T06:38:17","guid":{"rendered":"https:\/\/www.cronacaonline.it\/?p=212168"},"modified":"2021-09-24T08:38:18","modified_gmt":"2021-09-24T06:38:18","slug":"arrestato-in-sardegna-lex-presidente-della-catalogna-carles-puigdemont","status":"publish","type":"post","link":"https:\/\/www.cronacaonline.it\/index.php\/2021\/09\/24\/arrestato-in-sardegna-lex-presidente-della-catalogna-carles-puigdemont\/","title":{"rendered":"Arrestato in Sardegna l&#8217;ex presidente della Catalogna Carles Puigdemont."},"content":{"rendered":"\n<p>Cagliari, 24 Sett 2021 - L'ex presidente della Catalogna Carles Puigdemont \u00e8 stato arrestato dal personale della Polizia della Sardegna al suo arrivo all'aeroporto di Alghero sulla base di un mandato di arresto europeo emesso dalle autorit\u00e0 spagnole per reati\u00a0contro l'ordine e la sicurezza pubblica nazionale.<\/p>\n\n\n\n<p>Secondo il quotidiano El Pa\u00eds, che cita fonti giuridiche, Puigdemont&nbsp;\u00e8 stato trasferito nel carcere di Sassari e l'udienza \u00e8 prevista in mattinata. Il giudice dovr\u00e0 decidere \"se rilasciarlo o ordinare l'estradizione\" in Spagna, scrive l'entourage dell'ex presidente catalano in una nota. A confermare la notizia, diffusa dai media spagnoli e subito&nbsp;rimbalzata su quelli internazionali, anche l'avvocato di Puidgemont Gonzalo Boy.<\/p>\n\n\n\n<p>Dopo l'arresto, la diplomazia spagnola si \u00e8 attivata inviando il console onorario di Spagna per le province di Sassari, Nuoro e Oristano, l'avvocato algherese Fabio Bruno, con l'obiettivo di&nbsp;verificare che al leader dell'indipendentismo catalano sia garantito il rispetto delle regole internazionali.&nbsp;Ad Alghero, unica citt\u00e0 italiana di cultura e lingua catalana, il leader indipendentista avrebbe dovuto partecipare a un incontro con il movimento autonomista sardo e incontrare il presidente della Regione, Christian Solinas, e il presidente del consiglio regionale, Michele Pais. Cosa assolutamente insolita che due presidenti si accompagnino ad un ricercato sui cui pende un mandato di cattura internazionale.<\/p>\n\n\n\n<p>Stamane alle 9 a Sassari, si terr\u00e0 un sit in delle forze indipendentiste di fronte al Tribunale sassarese, contro \"il grave atto che ha compiuto la polizia e magistratura italiana in territorio sardo (cosa assolutamente falsa perch\u00e9 sia il personale delle Forze dell\u2019ordine sono obbligati ad eseguire il mandato di cattura internazionale e il regolare lavoro della magistratura \u00e8 quello conseguente all\u2019arresto - afferma il leader di Sardigna Natzione, Bustianu Cumpostu, uno dei promotori -. Come osa la gendarmeria tricolore infangare la nostra terra arrestando un nostro ospite, gradito e importante, pur sapendo quanto l'ospite sia sacro e intoccabile nella nostra cultura. Sappia Puigdemont - chiude Cumpostu - che non lo lasceremo solo, che saremo al suo fianco\".<\/p>\n\n\n\n<p>Il 30 ottobre 2017 Puigdemont era espatriato a Bruxelles per sottrarsi all'arresto dopo che la Procura di Madrid aveva accusato di ribellione l'intero esecutivo catalano in seguito al referendum del primo ottobre del 2017 sull'indipendenza di Barcellona. L'ex presidente si era rifiutato di tornare in patria per testimoniare e le autorit\u00e0 spagnole avevano emesso a suo carico un mandato d'arresto europeo che un mese dopo il Tribunale supremo aveva ritirato, consentendo cos\u00ec a Puigdemont di viaggiare per internazionalizzare la sua causa, senza per\u00f2 autorizzarne il rientro in Spagna.<\/p>\n\n\n\n<p>A marzo del 2018 le autorit\u00e0 spagnole hanno emanato un nuovo mandato di arresto europeo nei confronti di Puigdemont, fermato in Germania mentre tenta di tornare in Belgio dalla Finlandia.&nbsp;Berlino lo rilascia, ma gli proibisce di lasciare il Paese. A luglio un tribunale locale in Germania si rifiuta di estradare l'ex leader con l'accusa di ribellione e ritira le misure che gravavano su di lui. Puigdemont torna in Belgio.<\/p>\n\n\n\n<p>Il 26 maggio 2019 \u00e8 stato eletto parlamentare europeo ma non ha potuto recarsi a Madrid per ricevere l'investitura ufficiale, pena l'arresto. La Spagna non considera infatti il leader catalano un europarlamentare, quindi non ne riconosce l'immunit\u00e0 che invece gli \u00e8 stata riconosciuta dall'assemblea di Strasburgo il 2 giugno del 2020. A marzo del 2021 il Parlamento europeo ha votato a favore della revoca dell'immunit\u00e0 di Puigdemont ed il 30 luglio del 2021 il Tribunale dell'Unione europea ha respinto la richiesta di sospensione della revoca dell'immunit\u00e0 parlamentare all'ex&nbsp;presidente della Catalogna e ai suoi ex ministri Toni Com\u00edn e Clara Ponsat\u00ed.<\/p>\n\n\n\n<p>\"Non vi \u00e8 motivo di ritenere che le autorit\u00e0&nbsp;giudiziarie belghe o le autorit\u00e0 di un altro Stato membro possano eseguire i mandati d'arresto europei emessi nei confronti dei deputati e consegnarli alle autorit\u00e0 spagnole\", sentenzia il Tribunale dell'Ue. Ora l'arresto in Sardegna. L'avvocato Boye ha scritto su Twitter che il suo assistito \u00e8 stato ammanettato in base a un ordine di arresto che sarebbe in realt\u00e0 \"sospeso\". La parola passa ora ai giudici della Corte d'Appello di Sassari.<\/p>\n","protected":false},"excerpt":{"rendered":"<p>Cagliari, 24 Sett 2021 &#8211; L&#8217;ex presidente della Catalogna Carles Puigdemont \u00e8 stato arrestato dal personale della Polizia della Sardegna al suo arrivo all&#8217;aeroporto di&#8230;<\/p>\n","protected":false},"author":2,"featured_media":212169,"comment_status":"closed","ping_status":"open","sticky":false,"template":"","format":"standard","meta":[],"categories":[49,50],"tags":[],"_links":{"self":[{"href":"https:\/\/www.cronacaonline.it\/index.php\/wp-json\/wp\/v2\/posts\/212168"}],"collection":[{"href":"https:\/\/www.cronacaonline.it\/index.php\/wp-json\/wp\/v2\/posts"}],"about":[{"href":"https:\/\/www.cronacaonline.it\/index.php\/wp-json\/wp\/v2\/types\/post"}],"author":[{"embeddable":true,"href":"https:\/\/www.cronacaonline.it\/index.php\/wp-json\/wp\/v2\/users\/2"}],"replies":[{"embeddable":true,"href":"https:\/\/www.cronacaonline.it\/index.php\/wp-json\/wp\/v2\/comments?post=212168"}],"version-history":[{"count":1,"href":"https:\/\/www.cronacaonline.it\/index.php\/wp-json\/wp\/v2\/posts\/212168\/revisions"}],"predecessor-version":[{"id":212170,"href":"https:\/\/www.cronacaonline.it\/index.php\/wp-json\/wp\/v2\/posts\/212168\/revisions\/212170"}],"wp:featuredmedia":[{"embeddable":true,"href":"https:\/\/www.cronacaonline.it\/index.php\/wp-json\/wp\/v2\/media\/212169"}],"wp:attachment":[{"href":"https:\/\/www.cronacaonline.it\/index.php\/wp-json\/wp\/v2\/media?parent=212168"}],"wp:term":[{"taxonomy":"category","embeddable":true,"href":"https:\/\/www.cronacaonline.it\/index.php\/wp-json\/wp\/v2\/categories?post=212168"},{"taxonomy":"post_tag","embeddable":true,"href":"https:\/\/www.cronacaonline.it\/index.php\/wp-json\/wp\/v2\/tags?post=212168"}],"curies":[{"name":"wp","href":"https:\/\/api.w.org\/{rel}","templated":true}]}}