{"id":212045,"date":"2021-09-21T09:42:43","date_gmt":"2021-09-21T07:42:43","guid":{"rendered":"https:\/\/www.cronacaonline.it\/?p=212045"},"modified":"2021-09-21T09:42:45","modified_gmt":"2021-09-21T07:42:45","slug":"dl-green-pass-la-firma-di-mattarella-poi-la-pubblicazione-in-gazzetta-ufficiale","status":"publish","type":"post","link":"https:\/\/www.cronacaonline.it\/index.php\/2021\/09\/21\/dl-green-pass-la-firma-di-mattarella-poi-la-pubblicazione-in-gazzetta-ufficiale\/","title":{"rendered":"Dl Green pass, la firma di Mattarella poi la pubblicazione in Gazzetta Ufficiale."},"content":{"rendered":"\n<p>Roma, 21 Sett 2021 - Ultime limature al decreto sul green pass approvato gioved\u00ec scorso dal Consiglio dei ministri: si stanno precisando meglio le questioni della sicurezza e delle sostituzioni dei dipendenti delle imprese fino a 15 lavoratori sospesi perch\u00e9 privi di certificazione verde; saranno ammesse due sostituzioni di 10 giorni ciascuna fino al 31 dicembre. Il provvedimento dovr\u00e0 poi essere bollinato e firmato dal capo dello Stato prima di andare in Gazzetta Ufficiale, forse oggi stesso.\u00a0<\/p>\n\n\n\n<p>In vista della scadenza del 15 ottobre, quando entrer\u00e0 in vigore il decreto sul green pass, il Governo punta ad accelerare sull'immunit\u00e0 di gregge, dopo settimane di somministrazioni contenute. Negli ultimi giorni, ha spiegato Figliuolo, \"abbiamo visto un incremento delle prenotazioni e nei prossimi giorni vedremo se questo trend sar\u00e0 consolidato\".&nbsp; Ieri al via le terze dosi Ieri \u00e8 stato il primo giorno per la somministrazione del 'richiamo' alle categorie vulnerabili indicate da una circolare del ministero della Salute: immunocompromessi, trapiantati, malati oncologici condeterminate specificit\u00e0. Complessivamente 931 mila gli interessati. \"\u00c8 un passo avanti importante per dare protezione a chi ha un sistema immunitario pi\u00f9 debole\", ha detto il ministro Roberto Speranza.&nbsp; &nbsp;\"I vaccini - ha spiegato da parte sua il generale Francesco Figliuolo - ci sono, tutti i presidenti di Regione sono pronti anche per partire con la terza dose per i residenti delle Rsa,gli over 80 e per il personale sanitario: questo non appena il Cts ci dar\u00e0 il via libera\".<\/p>\n\n\n\n<p>Sono 41 milioni - pari al 69,3% della popolazione complessiva- gli italiani che hanno completato il ciclo vaccinale. Un dato soddisfacente per il generale Figliuolo che oggi, in visita a due centri vaccinali in Veneto ed in Sicilia, ha rivolto un accorato appello \"a tutti coloro i quali in questo momento sono esitanti: chiedete ai medici, agli infermieri e a chi ha ancora sulla pelle gli effetti del Covid. Qui non si tratta di obblighi o non obblighi, ma di salute pubblica e salute individuale. Dobbiamo spingere su quest'ultimo miglio\".<\/p>\n\n\n\n<p>Quanto alla dose aggiuntiva, ha osservato, \"se ci dicono che bisogna darla alle altre fasce d'et\u00e0 lo faremo: \u00e8 una decisione che prender\u00e0 la scienza\". Tra i 'fragili' ai quali \u00e8 stata fatta la terza iniezione, tanti giovani, come i pazienti dell'ospedale pediatrico Bambino Ges\u00f9 di Roma: si tratta principalmente di ragazze e ragazzi immunodepressi, trapiantati, con insufficienza renale cronica, in dialisi.&nbsp;In Lombardia, ha spiegato il coordinatore della campagna, Guido Bertolaso, oggi vengono vaccinati 2.500 immunocompromessi, entro la met\u00e0 di ottobre saranno raggiunte 150 mila persone. In Piemonte, ha assicurato il&nbsp;governatore Alberto Cirio, \"convocheremo tutti i soggetti fragili che rientrano nell'elenco del ministero e li vaccineremo rapidamente: conto che nell'arco di 15\/20 giorni completeremo questa popolazione\".&nbsp;<\/p>\n","protected":false},"excerpt":{"rendered":"<p>Roma, 21 Sett 2021 &#8211; Ultime limature al decreto sul green pass approvato gioved\u00ec scorso dal Consiglio dei ministri: si stanno precisando meglio le questioni&#8230;<\/p>\n","protected":false},"author":2,"featured_media":211876,"comment_status":"closed","ping_status":"open","sticky":false,"template":"","format":"standard","meta":[],"categories":[49,50],"tags":[],"_links":{"self":[{"href":"https:\/\/www.cronacaonline.it\/index.php\/wp-json\/wp\/v2\/posts\/212045"}],"collection":[{"href":"https:\/\/www.cronacaonline.it\/index.php\/wp-json\/wp\/v2\/posts"}],"about":[{"href":"https:\/\/www.cronacaonline.it\/index.php\/wp-json\/wp\/v2\/types\/post"}],"author":[{"embeddable":true,"href":"https:\/\/www.cronacaonline.it\/index.php\/wp-json\/wp\/v2\/users\/2"}],"replies":[{"embeddable":true,"href":"https:\/\/www.cronacaonline.it\/index.php\/wp-json\/wp\/v2\/comments?post=212045"}],"version-history":[{"count":1,"href":"https:\/\/www.cronacaonline.it\/index.php\/wp-json\/wp\/v2\/posts\/212045\/revisions"}],"predecessor-version":[{"id":212046,"href":"https:\/\/www.cronacaonline.it\/index.php\/wp-json\/wp\/v2\/posts\/212045\/revisions\/212046"}],"wp:featuredmedia":[{"embeddable":true,"href":"https:\/\/www.cronacaonline.it\/index.php\/wp-json\/wp\/v2\/media\/211876"}],"wp:attachment":[{"href":"https:\/\/www.cronacaonline.it\/index.php\/wp-json\/wp\/v2\/media?parent=212045"}],"wp:term":[{"taxonomy":"category","embeddable":true,"href":"https:\/\/www.cronacaonline.it\/index.php\/wp-json\/wp\/v2\/categories?post=212045"},{"taxonomy":"post_tag","embeddable":true,"href":"https:\/\/www.cronacaonline.it\/index.php\/wp-json\/wp\/v2\/tags?post=212045"}],"curies":[{"name":"wp","href":"https:\/\/api.w.org\/{rel}","templated":true}]}}