{"id":212004,"date":"2021-09-20T09:47:39","date_gmt":"2021-09-20T07:47:39","guid":{"rendered":"https:\/\/www.cronacaonline.it\/?p=212004"},"modified":"2021-09-20T09:47:40","modified_gmt":"2021-09-20T07:47:40","slug":"vaccini-oggi-in-italia-si-parte-con-la-somministrazioni-della-terza-dose","status":"publish","type":"post","link":"https:\/\/www.cronacaonline.it\/index.php\/2021\/09\/20\/vaccini-oggi-in-italia-si-parte-con-la-somministrazioni-della-terza-dose\/","title":{"rendered":"Vaccini, oggi in Italia si parte con la somministrazioni della terza dose."},"content":{"rendered":"\n<p>Roma, 20 Sett 2021 - L'Italia d\u00e0 il via oggi alle somministrazioni della terza dose di vaccino anti-Covid per i soggetti fragili e a rischio, circa tre milioni di pazienti. Sempre oggi poi \u00e8 attesa la pubblicazione in Gazzetta ufficiale del decreto con cui la Carte Verde diventer\u00e0 obbligatorio dal 15 ottobre per una platea di circa 23 milioni di lavoratori.\u00a0Il Telelavoro non potr\u00e0 essere un'alternativa al possesso del certificato verde.<\/p>\n\n\n\n<p>Varie regioni si dicono pronte a partire con la terza dose, dalla Lombardia al Veneto alla Toscana, alla Puglia. Nel Lazio, Rieti \u00e8 gi\u00e0 partita la scorsa settimana con 40 trapiantati.&nbsp; In realt\u00e0 si dovrebbe parlare di una dose aggiuntiva a completamento del ciclo vaccinale primario di 2 dosi, per raggiungere un adeguato livello di risposta immunitaria. Si somministrer\u00e0 almeno dopo 28 giorni dalla seconda, e il prima possibile se tale lasso di tempo \u00e8 gi\u00e0 trascorso. I vaccini sono quelli a mRna (Pfizer e Moderna). Dieci le categorie destinatarie di questa dose addizionale. Poi verranno le dosi' booster' per chi, a distanza di tempo, o forse per via delle varianti, ha bisogno di una dose di rinforzo a fronte del calo di copertura immunitaria come over-80, residenti nelle Rsa e sanitari. Questa da somministrarsi a 6 mesi dall'ultima dose.<\/p>\n\n\n\n<p>Una circolare del ministero della Salute del 14 settembre scorso chiarisce tutti gli aspetti mentre da uno studio condotto in Israele e pubblicato sul New England Journal of Medicine,sulla base dei dati del ministero della Salute israeliano sugli over 60 vaccinati con ciclo completo, emerge che rispetto alla variante Delta, la terza dose Pfizer \"porterebbe l'efficacia del vaccino tra i soggetti che hanno ricevuto il richiamo a circa il 95%, un valore simile all'efficacia del vaccino originale riportata contro la variante Alfa\".<\/p>\n\n\n\n<p>E, dicono i ricercatori, i casi di contagio e di malattia grave calano \"sostanzialmente\" con un tasso di infezione, almeno 12 giorni dopo il 'booster', inferiore di \"11,3 volte\" rispetto alle due dosi e un tasso di malattia grave \"inferiore di 19,5\" volte. Lo studio \u00e8 stato condotto dal 30 luglio al 31 agosto su 1,13 milioni di over 60 che avevano completato l'immunizzazione 5 mesi prima, divisi in due gruppi: quelli cui \u00e8 stata somministrata la terza dose e quelli che ne hanno ricevute due. Tema ancora caldo se la terza dose \u00e8 per tutti, proprio come in Israele (ora dai 30 anni in su).<\/p>\n\n\n\n<p>In questa fase, dice il presidente dell'Istituto superiore di Sanit\u00e0, Silvio Brusaferro, su 'La Stampa' \"stiamo ancora valutando se, quando e a chi fare un'ulteriore iniezione. Il tema, comunque, non \u00e8 una terza dose a pioggia\". Invita ad aspettare pi\u00f9 dati il virologo dell'Universit\u00e0 di Milano e direttore dell'Irccs Galeazzi, Fabrizio Pregliasco, in merito a una terza dose \"universale \"mentre ritiene fondamentale \"dare rinforzo ai pi\u00f9 fragili permetterli in sicurezza rispetto a un atteso colpo di coda del virus in inverno\".&nbsp;<\/p>\n\n\n\n<p>Sulla terza dose a tutti \"la&nbsp;politica si dovr\u00e0 rimettere a quelle che saranno le indicazioni&nbsp;scientifiche sulla terza dose, l'importante \u00e8 farsi trovare preparati&nbsp;quando sar\u00e0 il momento\" ha detto il sottosegretario alla Salute&nbsp;Andrea Costa ospite di 'Agor\u00e0' su RaiTre.<\/p>\n\n\n\n<p>La campagna intanto avanza e accelera ancora, spinta dal green pass. Oggi \u00e8 prevista la pubblicazione in Gazzetta ufficiale del decreto con cui il Green pass diventer\u00e0 obbligatorio dal 15 ottobre per una platea di circa 23 milioni di lavoratori, inclusi volontari, tirocinanti e stagisti. Per applicare gli otto articoli saranno poi fondamentali le linee guida, su cui stanno lavorando Palazzo Chigi e i vari ministeri interessati. Sono state definite infondate le voci di una deroga all'obbligo di avere il certificato digitale per i magistrati nei palazzi di giustizia, dove invece secondo il decreto potranno accedere senza gli avvocati, i consulenti, i periti e altre parti del processo.<\/p>\n\n\n\n<p>Sempre sul fronte giustizia, si registra la protesta delle toghe onorarie, che sottolineano di essere \"gli unici lavoratori per i quali \u00e8 previsto 'il licenziamento'\" poich\u00e9, spiegano \"non esiste ancora una norma che preveda anche per questi lavoratori la graduazione delle sanzioni disciplinari\" come per i magistrati ordinari.&nbsp; &nbsp;Lo scenario sar\u00e0 pi\u00f9 chiaro con le linee guida, valide solo per il settore pubblico. Nel privato l'adeguamento ai controlli si annuncia pi\u00f9 agevole nelle grandi aziende, molte delle quali stanno integrando la verifica del certificato ai lettori digitali dei tornelli. Piccole e medie imprese potrebbero fare ricorso alla stessa applicazione 'VerifiCa19' utilizzata in quei settori dove il Green pass \u00e8 obbligatorio dall'inizio del mese, treni, aerei, scuole, ristoranti e mense.<\/p>\n\n\n\n<p>Le aziende con meno di 15 dipendenti attendono poi una disciplina per le sostituzioni temporanee dei lavoratori privi di Green pass. Non \u00e8 escluso che nelle prossime ore si svolga una riunione tecnica sui protocolli di sicurezza sui posti di lavoro. Mentre i sindacati continuano a chiedere tamponi gratis, \u00e8 attesa gioved\u00ec l'omologazione dei test salivari, una soluzione meno invasiva per ottenere il certificato vaccinale.&nbsp;<\/p>\n\n\n\n<p>Intanto oggi il commissario per l'emergenza Francesco Figliuolo \u00e8 atteso in Veneto, una delle regioni trascinanti nella campagna vaccinale e poi in Sicilia, una delle poche sotto la soglia del 70%, insieme a Valle d'Aosta, Calabria e Provincia autonoma di Bolzano. La speranza del commissario \u00e8 che continui il trend che ha visto aumentare fra il 20 e il 40% le prenotazioni di dosi nella settimana dell'approvazione del Green pass, quintuplicate addirittura fra i cinquantenni in Friuli Venezia Giulia.<\/p>\n\n\n\n<p>Il telelavoro non potr\u00e0 essere, almeno in via formale, una alternativa al possesso del green pass anche se, con ogni probabilit\u00e0, nelle occasioni in cui si lavora da casa non si sar\u00e0 chiamati ad esibire il certificato. La lettura che si va consolidando tra tecnici e addetti ai lavori \u00e8 che chi non \u00e8 vaccinato e non si sottopone al tampone non potr\u00e0 ottenere in automatico l'ok al lavoro da casa perch\u00e9 non si vuole creare, e cos\u00ec sar\u00e0 quantomeno nel pubblico, alcuna corsia preferenziale a no vax e no green pass.<\/p>\n\n\n\n<p>Lo spirito del Super green pass infatti, come hanno ripetuto i ministri in questi giorni, \u00e8 quello di convincere le persone a vaccinarsi, quindi si cercher\u00e0 di evitare che il lavoro da casa diventi un escamotage per evitare l'obbligo del certificato.<\/p>\n\n\n\n<p>\"Oggi, come \u00e8 sempre stato, quello che accade fuori, accadr\u00e0 dentro il Parlamento. Quindi le regole che varranno per fuori varranno per la Camera dei Deputati\". Cos\u00ec Roberto Fico, presidente della Camera dei Deputati, su Rai Radio1 al Gr1, parlando del Passaggio Verde.<\/p>\n","protected":false},"excerpt":{"rendered":"<p>Roma, 20 Sett 2021 &#8211; L&#8217;Italia d\u00e0 il via oggi alle somministrazioni della terza dose di vaccino anti-Covid per i soggetti fragili e a rischio,&#8230;<\/p>\n","protected":false},"author":2,"featured_media":127775,"comment_status":"closed","ping_status":"open","sticky":false,"template":"","format":"standard","meta":[],"categories":[49,50],"tags":[],"_links":{"self":[{"href":"https:\/\/www.cronacaonline.it\/index.php\/wp-json\/wp\/v2\/posts\/212004"}],"collection":[{"href":"https:\/\/www.cronacaonline.it\/index.php\/wp-json\/wp\/v2\/posts"}],"about":[{"href":"https:\/\/www.cronacaonline.it\/index.php\/wp-json\/wp\/v2\/types\/post"}],"author":[{"embeddable":true,"href":"https:\/\/www.cronacaonline.it\/index.php\/wp-json\/wp\/v2\/users\/2"}],"replies":[{"embeddable":true,"href":"https:\/\/www.cronacaonline.it\/index.php\/wp-json\/wp\/v2\/comments?post=212004"}],"version-history":[{"count":1,"href":"https:\/\/www.cronacaonline.it\/index.php\/wp-json\/wp\/v2\/posts\/212004\/revisions"}],"predecessor-version":[{"id":212005,"href":"https:\/\/www.cronacaonline.it\/index.php\/wp-json\/wp\/v2\/posts\/212004\/revisions\/212005"}],"wp:featuredmedia":[{"embeddable":true,"href":"https:\/\/www.cronacaonline.it\/index.php\/wp-json\/wp\/v2\/media\/127775"}],"wp:attachment":[{"href":"https:\/\/www.cronacaonline.it\/index.php\/wp-json\/wp\/v2\/media?parent=212004"}],"wp:term":[{"taxonomy":"category","embeddable":true,"href":"https:\/\/www.cronacaonline.it\/index.php\/wp-json\/wp\/v2\/categories?post=212004"},{"taxonomy":"post_tag","embeddable":true,"href":"https:\/\/www.cronacaonline.it\/index.php\/wp-json\/wp\/v2\/tags?post=212004"}],"curies":[{"name":"wp","href":"https:\/\/api.w.org\/{rel}","templated":true}]}}