{"id":211941,"date":"2021-09-18T10:01:37","date_gmt":"2021-09-18T08:01:37","guid":{"rendered":"https:\/\/www.cronacaonline.it\/?p=211941"},"modified":"2021-09-18T10:01:38","modified_gmt":"2021-09-18T08:01:38","slug":"dl-aziende-con-meno-di-15-dipendenti-potranno-sostituire-chi-e-senza-green-pass","status":"publish","type":"post","link":"https:\/\/www.cronacaonline.it\/index.php\/2021\/09\/18\/dl-aziende-con-meno-di-15-dipendenti-potranno-sostituire-chi-e-senza-green-pass\/","title":{"rendered":"Dl, aziende con meno di 15 dipendenti potranno sostituire chi \u00e8 senza Green Pass."},"content":{"rendered":"\n<p>Cagliari, 18 Sett 2021 - Le aziende con meno di 15 dipendenti\u00a0potranno sostituire temporaneamente il lavoratore senza green\u00a0pass. E lo stop allo stipendio scatta fin dal primo giorno in\u00a0cui il dipendente si presenta sul luogo di lavoro privo del\u00a0certificato. Sono i primi chiarimenti arrivati da Palazzo Chigi\u00a0dopo il decreto legge approvato ieri.<\/p>\n\n\n\n<p>C'\u00e8 ora un mese di tempo&nbsp;per sciogliere i tanti nodi che il provvedimento consegna alle&nbsp;amministrazioni pubbliche e alle imprese private: dall'incrocio&nbsp;dell'obbligo del Green pass con il ritorno al lavoro in presenza&nbsp;alla difficile organizzazione dei servizi di forze dell'ordine e&nbsp;vigili del fuoco, all'allungamento della validit\u00e0 del tampone&nbsp;molecolare fino a 72 ore contestato dagli esperti. Intanto, c'\u00e8&nbsp;stato il via libera dal Consiglio di Stato alla certificazione,&nbsp;la cui richiesta non viola la privacy ed \u00e8 legittima.<\/p>\n\n\n\n<p>Entro luned\u00ec il decreto sar\u00e0 pubblicato in Gazzetta Ufficiale Entro luned\u00ec il decreto - dopo la firma&nbsp;del capo dello Stato&nbsp;- sar\u00e0 pubblicato in Gazzetta Ufficiale. L'obbligo della&nbsp;certificazione verde entrer\u00e0 in vigore dal 15 ottobre fino al 31&nbsp;dicembre, con l'obiettivo di scardinare lo zoccolo duro dei no&nbsp;vax innalzando la quota di immunizzati che ha superato i 40&nbsp;milioni, pari al 68% dell'intera popolazione (il 76% tenendo&nbsp;conto di quella vaccinabile). In Piemonte si registra gi\u00e0 un&nbsp;effetto green pass, col raddoppio delle prenotazioni rispetto ad&nbsp;una settimana fa. Le adesioni accelerano anche in&nbsp;Liguria.<\/p>\n\n\n\n<p>\u201c\u00c8 un provvedimento drastico ma \u00e8 indispensabile per raggiungere&nbsp;l'80% di immunizzazione\", spiega la ministra per gli Affari&nbsp;regionali, Mariastella Gelmini. \"O ti vaccini o ti tamponi, non&nbsp;mi sembra una violenza inaccettabile\",&nbsp;osserva da parte sua il&nbsp;ministro della Funzione Pubblica, Renato Brunetta.<\/p>\n\n\n\n<p>Tante le novit\u00e0 del dl. Nelle piccole imprese con pochi&nbsp;addetti, ad esempio un bar, pu\u00f2 bastare un solo dipendente senza&nbsp;pass per bloccare l'attivit\u00e0. Ecco, quindi, che viene consentito&nbsp;al datore di lavoro di un'azienda con meno di 15 dipendenti di&nbsp;sostituire temporaneamente il lavoratore privo di certificato&nbsp;verde. Nel pubblico, il personale che comunicher\u00e0 di non avere&nbsp;il green pass o che non sar\u00e0 in grado di esibirlo all'accesso al&nbsp;luogo di lavoro sar\u00e0 considerato assente ingiustificato. Dopo 5&nbsp;giorni di assenza, scatta la sospensione mentre la retribuzione&nbsp;non sar\u00e0 dovuta fin dal primo giorno di assenza.&nbsp;Il decreto non&nbsp;prevede conseguenze disciplinari n\u00e9 il licenziamento. Sanzione&nbsp;da 600 a 1.500 euro per chi \u00e8 colto senza pass sul luogo di&nbsp;lavoro. Analogo iter per il privato, tranne che per la&nbsp;sospensione dopo 5 giorni di assenza.<\/p>\n\n\n\n<p>Critiche arrivano da&nbsp;Confcommercio, che parla di norma oscura e di difficile&nbsp;applicazione. \"Perch\u00e9 - chiede Guido Lazzarelli&nbsp;dell'associazione -&nbsp; la sospensione del lavoratore scatta solo&nbsp;al quinto giorno? Perch\u00e9 la sostituzione a termine dura solo 10&nbsp;giorni e che succede se all'undicesimo giorno decido una proroga&nbsp;di un contratto a termine? Auspichiamo - aggiunge - che arrivino&nbsp;in tempi brevi i necessari chiarimenti interpretativi\".<\/p>\n\n\n\n<p>Ci sono poi da considerare lavoratori pubblici 'particolari',&nbsp;come le forze dell'ordine e i vigili del fuoco. In polizia si&nbsp;contano, ad esempio, 17mila non vaccinati su 97mila. Una quota&nbsp;di non vaccinati ha comunque avuto il Covid. Tra la polizia&nbsp;penitenziaria, spiega la Uil Pa, in 13mila non hanno fatto&nbsp;ancora la prima dose, pi\u00f9 di un terzo del totale. \"Cosa&nbsp;succederebbe - chiede il sindacato - in caso di sospensioni dal&nbsp;servizio che si andrebbero a sommare alla gravissima deficienza&nbsp;degli organici gi\u00e0 esistente?\". Problemi analoghi potrebbero&nbsp;riguardare le altre forze di polizia e i vigili del fuoco: la&nbsp;distribuzione dei no vax non \u00e8 omogenea, ci sono concentrazioni&nbsp;in alcune regioni piuttosto che in alcuni reparti e quindi&nbsp;potrebbe essere non agevole organizzare un adeguato presidio del&nbsp;territorio.&nbsp;Il sindacato Silp Cgil ha cos\u00ec chiesto un incontro&nbsp;urgente al capo della Polizia, Lamberto Giannini, proprio per&nbsp;verificare l'impatto del decreto che determiner\u00e0 \"profondi&nbsp;cambiamenti nell'organizzazione del lavoro nella nostra&nbsp;Amministrazione\".<\/p>\n\n\n\n<p>Altro capitolo da affrontare \u00e8 quello del lavoro da casa: ci&nbsp;sar\u00e0 una quota di personale no vax che chieder\u00e0 il lavoro agile&nbsp;proprio nel momento in cui il ministro Brunetta ha auspicato un&nbsp;ritorno massiccio al lavoro in presenza nel pubblico impiego.&nbsp;Nel privato il tema \u00e8 rimandato a singoli accordi delle aziende.<\/p>\n\n\n\n<p>Chi non vuole comunque vaccinarsi potr\u00e0 fare il tampone.&nbsp;Maurizio Landini (Cgil), Lugi Sbarra (Cisl) e Pierpaolo&nbsp;Bombardieri (Uil) continuano a chiedere la gratuit\u00e0 dei test che&nbsp;\"non possono essere a carico dei lavoratori\". E si discute&nbsp;inoltre sull'ammissione dei tamponi salivari. \"Se il Cts e le&nbsp;evidenze scientifiche ci diranno che offre sufficienti garanzie&nbsp;da poterlo introdurre come requisito nel green pass - spiega il&nbsp;sottosegretario alla Salute Andrea Costa - per noi si&nbsp;tratterebbe di avere uno strumento in pi\u00f9\".<\/p>\n\n\n\n<p>\"Riteniamo che ci siano tutti i presupposti&nbsp;giuridici perch\u00e9 questo strumento sia utilizzato, abbiamo chiarito con nettezza&nbsp;che l'obbligo non pu\u00f2 essere collegato a procedure disciplinari o rappresentare&nbsp;un rischio di licenziamento. Capisco la preoccupazione di chi non \u00e8 vaccinato&nbsp;ma credo sia giusto considerare anche la preoccupazione di chi \u00e8 vaccinato e&nbsp;vuole andare in ufficio con tranquillit\u00e0\". Cos\u00ec il ministro del Lavoro Andrea&nbsp;Orlando in un'intervista a La Stampa rispondendo a una domanda sull'estensione&nbsp;del green pass ai luoghi di lavoro.<\/p>\n\n\n\n<p>Con l'estensione del green pass \"scongiuriamo il&nbsp;rischio di nuove chiusure, dall'altra il pass ci consente di svolgere varie&nbsp;attivit\u00e0 con standard di sicurezza ancora pi\u00f9 elevati - prosegue Orlando - Si creano le condizioni&nbsp;per usare spazi sociali e mezzi di trasporto con pi\u00f9 tranquillit\u00e0, favorendo&nbsp;migliori risultati economici\". E precisa che nel governo \"stiamo discutendo di come,&nbsp;nelle prossime settimane, si torner\u00e0 a usare pienamente le sale di cinema e&nbsp;teatri: questo \u00e8 possibile grazie al green Pass\".<\/p>\n","protected":false},"excerpt":{"rendered":"<p>Cagliari, 18 Sett 2021 &#8211; Le aziende con meno di 15 dipendenti\u00a0potranno sostituire temporaneamente il lavoratore senza green\u00a0pass. E lo stop allo stipendio scatta fin&#8230;<\/p>\n","protected":false},"author":2,"featured_media":211876,"comment_status":"closed","ping_status":"open","sticky":false,"template":"","format":"standard","meta":[],"categories":[49,51],"tags":[],"_links":{"self":[{"href":"https:\/\/www.cronacaonline.it\/index.php\/wp-json\/wp\/v2\/posts\/211941"}],"collection":[{"href":"https:\/\/www.cronacaonline.it\/index.php\/wp-json\/wp\/v2\/posts"}],"about":[{"href":"https:\/\/www.cronacaonline.it\/index.php\/wp-json\/wp\/v2\/types\/post"}],"author":[{"embeddable":true,"href":"https:\/\/www.cronacaonline.it\/index.php\/wp-json\/wp\/v2\/users\/2"}],"replies":[{"embeddable":true,"href":"https:\/\/www.cronacaonline.it\/index.php\/wp-json\/wp\/v2\/comments?post=211941"}],"version-history":[{"count":1,"href":"https:\/\/www.cronacaonline.it\/index.php\/wp-json\/wp\/v2\/posts\/211941\/revisions"}],"predecessor-version":[{"id":211942,"href":"https:\/\/www.cronacaonline.it\/index.php\/wp-json\/wp\/v2\/posts\/211941\/revisions\/211942"}],"wp:featuredmedia":[{"embeddable":true,"href":"https:\/\/www.cronacaonline.it\/index.php\/wp-json\/wp\/v2\/media\/211876"}],"wp:attachment":[{"href":"https:\/\/www.cronacaonline.it\/index.php\/wp-json\/wp\/v2\/media?parent=211941"}],"wp:term":[{"taxonomy":"category","embeddable":true,"href":"https:\/\/www.cronacaonline.it\/index.php\/wp-json\/wp\/v2\/categories?post=211941"},{"taxonomy":"post_tag","embeddable":true,"href":"https:\/\/www.cronacaonline.it\/index.php\/wp-json\/wp\/v2\/tags?post=211941"}],"curies":[{"name":"wp","href":"https:\/\/api.w.org\/{rel}","templated":true}]}}