{"id":211938,"date":"2021-09-18T09:55:54","date_gmt":"2021-09-18T07:55:54","guid":{"rendered":"https:\/\/www.cronacaonline.it\/?p=211938"},"modified":"2021-09-18T09:55:55","modified_gmt":"2021-09-18T07:55:55","slug":"summit-virtuale-sul-clima-draghi-venuti-meno-allaccordo-di-parigi-conseguenze-catastrofiche","status":"publish","type":"post","link":"https:\/\/www.cronacaonline.it\/index.php\/2021\/09\/18\/summit-virtuale-sul-clima-draghi-venuti-meno-allaccordo-di-parigi-conseguenze-catastrofiche\/","title":{"rendered":"Summit virtuale sul clima, Draghi: &#8220;Venuti meno all&#8217;accordo di Parigi, conseguenze catastrofiche&#8221;."},"content":{"rendered":"\n<p>Cagliari, 18 Sett 2021 - \"Voglio esprimere solidariet\u00e0 al premier\u00a0per i terribili incendi di questa estate. Le esperienza che abbiamo\u00a0vissuto, con incendi dalla Turchia al Portogallo, \u00e8 forse la lezione\u00a0migliore per procedere con rapidit\u00e0 e determinazione nella lotta ai\u00a0cambiamenti climatici. Questa esperienza ci dice che non c'\u00e8 tempo,\u00a0non c'\u00e8 possibilit\u00e0 di dilazionare o ritardare, perch\u00e9 i costi che i\u00a0nostri paesi e i nostri cittadini sarebbero immensi\". Cos\u00ec il\u00a0premier Mario Draghi, nelle dichiarazioni congiunte al termine del vertice EuMed9 ad\u00a0Atene.<\/p>\n\n\n\n<p>I leader dei nove Paesi europei del&nbsp;Mediterraneo invocano un'azione urgente per affrontare il&nbsp;peggioramento della crisi climatica e per costruire un futuro&nbsp;sostenibile nella regione mediterranea. Nella dichiarazione conclusiva del vertice di Atene, i leader di Croazia, Cipro, Francia, Grecia, Italia, Slovenia, Malta, Portogallo e Spagna, oltre alla presidente&nbsp;della Commissione europea, Ursula von der Leyen, affermano che il&nbsp;Mediterraneo sta soffrendo \"danni ambientali senza precedenti le&nbsp;capacit\u00e0 di risposta sono arrivare al limite\". Per questo, la loro&nbsp;\"forte convinzione \u00e8 che sia necessaria un'azione globale urgente e&nbsp;ambiziosa a livello nazionale, regionale e locale\".<\/p>\n\n\n\n<p>\"Al vertice abbiamo discusso anche la questione della difesa europea. Gli eventi degli ultimi mesi stanno portando a un profondo riesame delle nostre relazioni internazionali, un riesame la cui conclusione non pu\u00f2 essere che il rafforzamento della sovranit\u00e0 e della difesa europea. Si \u00e8 iniziata un riflessione sugli aspetti organizzativi: \u00e8 solo l'inizio ma sono certo che questa riflessione ci accompagner\u00e0 negli anni a venire. Ma anche qui non c'\u00e8 molto tempo da aspettare. Abbiamo inoltre discusso anche della sicurezza del Mediterraneo, della parte pi\u00f9 vicina, come Libia e Tunisia. La situazione \u00e8 instabile ma tutti i paesi hanno detto che vogliono contribuire al mantenimento della stabilit\u00e0\". Lo ha detto il presidente del Consiglio Mario Draghi, ad Atene al termine del vertice.<\/p>\n\n\n\n<p>Mario Draghi \u00e8 intervenuto, con un video messaggio, questa mattina&nbsp;al Forum delle Maggiori Economie sull'Energia e il Clima (Mef), promosso dal Presidente Usa Biden.&nbsp;\"Con l'accordo di Parigi ci siamo impegnati a contenere il riscaldamento globale entro 1,5 gradi rispetto ai livelli preindustriali. La maggior parte dei nostri paesi ha rinnovato questo impegno nelle recenti riunioni del G20. Tuttavia, dobbiamo essere onesti nei confronti di noi stessi: stiamo venendo meno a questa promessa.&nbsp; Se continuiamo con le politiche attuali, raggiungeremo quasi 3 gradi di riscaldamento globale entro la fine del secolo\" con \"conseguenze catastrofiche\".<\/p>\n\n\n\n<p>Tra gli obiettivi attesi un impegno da Usa, Ue e&nbsp;altri Paesi a ridurre il loro uso del metano, un potente gas serra.&nbsp; &nbsp;Il vertice arriva a meno di due mesi prima della Cop26, la conferenza Onu a Glasgow dove ci si aspetta che quasi 200 nazioni annuncino tagli delle emissioni pi\u00f9 ambiziosi di quelli fissati precedentemente per evitare il surriscaldamento del pianeta.<\/p>\n\n\n\n<p>\"Dobbiamo agire e dobbiamo agire ora contro il cambiamento climatico\": lo ha detto il presidente Usa Joe Biden aprendo i lavori del Mef, Major Economies Forum on Energy and Climate, al quale partecipano almeno sette leader mondiali, tra cui il premier britannico Boris Johnson.<\/p>\n\n\n\n<p>Biden ha citato il recente rapporto Onu sul clima, sottolineando che esso \"rappresenta un codice rosso per l'umanit\u00e0\".<\/p>\n\n\n\n<p>Nelle ultime due settimane, ha ricordato, \"ho girato per gli Stati Uniti e ho visto i disastri creati dagli uragani, dalle inondazioni e dagli incendi, tutti fenomeni che si sono verificati in molte altre aree del mondo\".<\/p>\n\n\n\n<p>Biden ha poi rivendicato il nuovo ruolo degli Usa nella battaglia per il clima: \"Gli Stati Uniti sono tornati protagonisti per affrontare la crisi climatica. Il tempo per agire \u00e8 poco e siamo vicini a un punto di non ritorno\". Il presidente Usa ha inoltre spiegato che \"la crisi climatica rappresenta anche una grande opportunit\u00e0 per creare lavoro<\/p>\n\n\n\n<p>\"Il mondo \u00e8 su un percorso catastrofico verso 2,7 gradi di riscaldamento globale. C'\u00e8 un alto rischio di fallimento della Cop26. \u00c8 chiaro che ognuno deve assumersi le proprie responsabilit\u00e0, abbiamo bisogno di pi\u00f9 ambizione in materia finanziaria, di adattamento e mitigazione\",&nbsp;ha detto il segretario generale dell'Onu, Antonio Guterres.<\/p>\n\n\n\n<p>\"I Paesi sviluppati devono mantenere l'impegno di mobilitare 100 miliardi di dollari l'anno per sostenere l'azione per il clima nelle nazioni in via di sviluppo\", ha aggiunto, sottolineando che il rapporto annuale dell'Ocse rivela un gap di almeno 20 miliardi di dollari.<\/p>\n\n\n\n<p>\"La lotta al cambiamento climatico avr\u00e0 successo solo se tutti in questa stanza si uniranno per promuovere pi\u00f9 ambizione, pi\u00f9 cooperazione e pi\u00f9 credibilit\u00e0 - ha affermato ancora Guterres -. Il mondo richiede che tutti noi, ma essenzialmente voi, in quanto principali economie del mondo, agiate immediatamente per condurci verso un futuro sostenibile\".<\/p>\n\n\n\n<p>\"Positiva discussione al Major Economies Forum convocato dal presidente Joe Biden in vista della conferenza CopP26. L'Unione europea ha stabilito una tabella di marcia e invita gli altri a fare altrettanto. Rafforzeremo l'Alleanza per la riduzione del metano. I nostri partner devono intensificare i finanziamenti per il clima\". Cos\u00ec su Twitter la presidente della Commissione Ue, Ursula von der Leyen, che ha partecipato al Forum in video conferenza.<\/p>\n","protected":false},"excerpt":{"rendered":"<p>Cagliari, 18 Sett 2021 &#8211; &#8220;Voglio esprimere solidariet\u00e0 al premier\u00a0per i terribili incendi di questa estate. Le esperienza che abbiamo\u00a0vissuto, con incendi dalla Turchia al&#8230;<\/p>\n","protected":false},"author":2,"featured_media":211939,"comment_status":"closed","ping_status":"open","sticky":false,"template":"","format":"standard","meta":[],"categories":[49,50],"tags":[],"_links":{"self":[{"href":"https:\/\/www.cronacaonline.it\/index.php\/wp-json\/wp\/v2\/posts\/211938"}],"collection":[{"href":"https:\/\/www.cronacaonline.it\/index.php\/wp-json\/wp\/v2\/posts"}],"about":[{"href":"https:\/\/www.cronacaonline.it\/index.php\/wp-json\/wp\/v2\/types\/post"}],"author":[{"embeddable":true,"href":"https:\/\/www.cronacaonline.it\/index.php\/wp-json\/wp\/v2\/users\/2"}],"replies":[{"embeddable":true,"href":"https:\/\/www.cronacaonline.it\/index.php\/wp-json\/wp\/v2\/comments?post=211938"}],"version-history":[{"count":1,"href":"https:\/\/www.cronacaonline.it\/index.php\/wp-json\/wp\/v2\/posts\/211938\/revisions"}],"predecessor-version":[{"id":211940,"href":"https:\/\/www.cronacaonline.it\/index.php\/wp-json\/wp\/v2\/posts\/211938\/revisions\/211940"}],"wp:featuredmedia":[{"embeddable":true,"href":"https:\/\/www.cronacaonline.it\/index.php\/wp-json\/wp\/v2\/media\/211939"}],"wp:attachment":[{"href":"https:\/\/www.cronacaonline.it\/index.php\/wp-json\/wp\/v2\/media?parent=211938"}],"wp:term":[{"taxonomy":"category","embeddable":true,"href":"https:\/\/www.cronacaonline.it\/index.php\/wp-json\/wp\/v2\/categories?post=211938"},{"taxonomy":"post_tag","embeddable":true,"href":"https:\/\/www.cronacaonline.it\/index.php\/wp-json\/wp\/v2\/tags?post=211938"}],"curies":[{"name":"wp","href":"https:\/\/api.w.org\/{rel}","templated":true}]}}