{"id":211922,"date":"2021-09-17T17:13:08","date_gmt":"2021-09-17T15:13:08","guid":{"rendered":"https:\/\/www.cronacaonline.it\/?p=211922"},"modified":"2021-09-17T17:13:09","modified_gmt":"2021-09-17T15:13:09","slug":"summit-virtuale-sul-clima-con-tante-parole-e-pochissimi-fatti-biden-il-rapporto-onu-e-un-codice-rosso-per-lumanita","status":"publish","type":"post","link":"https:\/\/www.cronacaonline.it\/index.php\/2021\/09\/17\/summit-virtuale-sul-clima-con-tante-parole-e-pochissimi-fatti-biden-il-rapporto-onu-e-un-codice-rosso-per-lumanita\/","title":{"rendered":"Summit virtuale sul clima, con tante parole e pochissimi fatti. Biden: &#8220;Il rapporto Onu \u00e8 un codice rosso per l&#8217;umanit\u00e0&#8221;."},"content":{"rendered":"\n<p>Cagliari, 17 Sett 2021 - Alla Casa Bianca il summit virtuale su clima ed energia promosso da Joe Biden con le maggiori economie del mondo. Tra gli obiettivi attesi un impegno da Usa, Ue ed altri Paesi a ridurre il loro uso del metano, un potente gas serra.\u00a0<\/p>\n\n\n\n<p>Il vertice arriva a meno di due mesi prima della Cop26, la conferenza Onu a Glasgow dove ci si aspetta che quasi 200 nazioni annuncino tagli delle emissioni pi\u00f9 ambiziosi di quelli fissati precedentemente per evitare il surriscaldamento del pianeta.<\/p>\n\n\n\n<p>\"Dobbiamo agire e dobbiamo agire ora contro il cambiamento climatico\": lo ha detto il presidente Usa Joe Biden aprendo i lavori del Mef, Major Economies Forum on Energy and Climate, al quale partecipano almeno sette leader mondiali, tra cui il premier britannico Boris Johnson.<\/p>\n\n\n\n<p>Biden ha citato il recente rapporto Onu sul clima, sottolineando che esso \"rappresenta un codice rosso per l'umanit\u00e0\".<\/p>\n\n\n\n<p>Nelle ultime due settimane, ha ricordato, \"ho girato per gli Stati Uniti e ho visto i disastri creati dagli uragani, dalle inondazioni e dagli incendi, tutti fenomeni che si sono verificati in molte altre aree del mondo\".<\/p>\n\n\n\n<p>Biden ha poi rivendicato il nuovo ruolo degli Usa nella battaglia per il clima: \"Gli Stati Uniti sono tornati protagonisti per affrontare la crisi climatica. Il tempo per agire \u00e8 poco e siamo vicini a un punto di non ritorno\". Il presidente Usa ha inoltre spiegato che \"la crisi climatica rappresenta anche una grande opportunit\u00e0 per creare lavoro\".<\/p>\n\n\n\n<p>\"Il mondo \u00e8 su un percorso catastrofico verso 2,7 gradi di riscaldamento globale. C'\u00e8 un alto rischio di fallimento della Cop26. \u00c8 chiaro che ognuno deve assumersi le proprie responsabilit\u00e0, abbiamo bisogno di pi\u00f9 ambizione in materia finanziaria, di adattamento e mitigazione\",&nbsp;ha detto il segretario generale dell'Onu, Antonio Guterres.<\/p>\n\n\n\n<p>\"I Paesi sviluppati devono mantenere l'impegno di mobilitare 100 miliardi di dollari l'anno per sostenere l'azione per il clima nelle nazioni in via di sviluppo\", ha aggiunto, sottolineando che il rapporto annuale dell'Ocse rivela un gap di almeno 20 miliardi di dollari.<\/p>\n\n\n\n<p>\"La lotta al cambiamento climatico avr\u00e0 successo solo se tutti in questa stanza si uniranno per promuovere pi\u00f9 ambizione, pi\u00f9 cooperazione e pi\u00f9 credibilit\u00e0 - ha affermato ancora Guterres -. Il mondo richiede che tutti noi, ma essenzialmente voi, in quanto principali economie del mondo, agiate immediatamente per condurci verso un futuro sostenibile\".<\/p>\n\n\n\n<p>\"Positiva discussione al Major Economies Forum convocato dal presidente Joe Biden in vista della conferenza CopP26. L'Unione europea ha stabilito una tabella di marcia e invita gli altri a fare altrettanto. Rafforzeremo l'Alleanza per la riduzione del metano. I nostri partner devono intensificare i finanziamenti per il clima\". Cos\u00ec su Twitter la presidente della Commissione Ue, Ursula von der Leyen, che ha partecipato al Forum in video conferenza.<\/p>\n\n\n\n<p>\"Con l'accordo di Parigi ci siamo impegnati a contenere il riscaldamento globale entro 1,5 gradi rispetto ai livelli preindustriali. La maggior parte dei nostri paesi ha rinnovato questo impegno nelle recenti riunioni del G20. Tuttavia, dobbiamo essere onesti nei confronti di noi stessi: stiamo venendo meno a questa promessa.&nbsp; Se continuiamo con le politiche attuali, raggiungeremo quasi 3 gradi di riscaldamento globale entro la fine del secolo\" con \"conseguenze catastrofiche\". Lo ha detto il premier Mario Draghi in un video messaggio&nbsp;al Forum delle Maggiori Economie sull'Energia e il Clima (Mef), promosso dal Presidente Usa Biden.<\/p>\n\n\n\n<p>\"L'ultimo Gruppo intergovernativo dell'Onu sui cambiamenti climatici ha dichiarato che, per raggiungere\" gli obiettivi sul clima, \"dobbiamo realizzare riduzioni immediate, rapide e significative delle emissioni. Non possiamo semplicemente contare sugli altri: dobbiamo tutti fare la nostra parte. In ambito Ue, abbiamo fissato obiettivi ambiziosi per ridurre le emissioni e raggiungere la neutralit\u00e0 climatica.&nbsp; Dobbiamo onorare gli impegni presi in materia di clima e, in alcuni casi, essere pronti a prenderne di pi\u00f9 audaci\". Cos\u00ec Mario Draghi.<\/p>\n","protected":false},"excerpt":{"rendered":"<p>Cagliari, 17 Sett 2021 &#8211; Alla Casa Bianca il summit virtuale su clima ed energia promosso da Joe Biden con le maggiori economie del mondo.&#8230;<\/p>\n","protected":false},"author":2,"featured_media":211923,"comment_status":"closed","ping_status":"open","sticky":false,"template":"","format":"standard","meta":[],"categories":[49,50],"tags":[],"_links":{"self":[{"href":"https:\/\/www.cronacaonline.it\/index.php\/wp-json\/wp\/v2\/posts\/211922"}],"collection":[{"href":"https:\/\/www.cronacaonline.it\/index.php\/wp-json\/wp\/v2\/posts"}],"about":[{"href":"https:\/\/www.cronacaonline.it\/index.php\/wp-json\/wp\/v2\/types\/post"}],"author":[{"embeddable":true,"href":"https:\/\/www.cronacaonline.it\/index.php\/wp-json\/wp\/v2\/users\/2"}],"replies":[{"embeddable":true,"href":"https:\/\/www.cronacaonline.it\/index.php\/wp-json\/wp\/v2\/comments?post=211922"}],"version-history":[{"count":1,"href":"https:\/\/www.cronacaonline.it\/index.php\/wp-json\/wp\/v2\/posts\/211922\/revisions"}],"predecessor-version":[{"id":211924,"href":"https:\/\/www.cronacaonline.it\/index.php\/wp-json\/wp\/v2\/posts\/211922\/revisions\/211924"}],"wp:featuredmedia":[{"embeddable":true,"href":"https:\/\/www.cronacaonline.it\/index.php\/wp-json\/wp\/v2\/media\/211923"}],"wp:attachment":[{"href":"https:\/\/www.cronacaonline.it\/index.php\/wp-json\/wp\/v2\/media?parent=211922"}],"wp:term":[{"taxonomy":"category","embeddable":true,"href":"https:\/\/www.cronacaonline.it\/index.php\/wp-json\/wp\/v2\/categories?post=211922"},{"taxonomy":"post_tag","embeddable":true,"href":"https:\/\/www.cronacaonline.it\/index.php\/wp-json\/wp\/v2\/tags?post=211922"}],"curies":[{"name":"wp","href":"https:\/\/api.w.org\/{rel}","templated":true}]}}