{"id":211875,"date":"2021-09-16T19:14:00","date_gmt":"2021-09-16T17:14:00","guid":{"rendered":"https:\/\/www.cronacaonline.it\/?p=211875"},"modified":"2021-09-16T19:14:01","modified_gmt":"2021-09-16T17:14:01","slug":"passaggio-verde-green-pass-per-tutti-i-lavoratori-si-unanime-del-consiglio-dei-ministri-al-decreto","status":"publish","type":"post","link":"https:\/\/www.cronacaonline.it\/index.php\/2021\/09\/16\/passaggio-verde-green-pass-per-tutti-i-lavoratori-si-unanime-del-consiglio-dei-ministri-al-decreto\/","title":{"rendered":"Passaggio Verde \u2013 (Green pass) per tutti i lavoratori, s\u00ec unanime del Consiglio dei ministri al decreto."},"content":{"rendered":"\n<p>Roma, 16 Sett 2021 - Green pass obbligatorio per entrare in tutti i luoghi di lavoro sia del settore pubblico che privato, a partire dal 15 ottobre e fino al 31 dicembre 2021, data di scadenza dello stato d'emergenza. Il Consiglio dei ministri ha dato il via libera all'unanimit\u00e0 al nuovo decreto legge. \"\u00c8 un decreto per continuare ad aprire il Paese\", ha detto il presidente del Consiglio Mario Draghi, a quanto si apprende da fonti governative.<\/p>\n\n\n\n<p>A breve \u00e8 prevista una conferenza stampa con i ministri Brunetta, Orlando, Gelmini e Speranza.<\/p>\n\n\n\n<p>Dal 15 ottobre i dipendenti che si presenteranno sul luogo di lavoro sprovvisti di green pass saranno considerati \"assenti ingiustificati\". Se invece verranno trovati sul posto di lavoro senza il passaporto vaccinale - per essere, per esempio, entrati sfuggendo ai controlli - allora per loro scatter\u00e0 anche la multa. Le sanzioni - da 600 a 1.500 euro - scatteranno anche per i datori di lavoro che non effettueranno i controlli.&nbsp;Chi non ha il Green pass avr\u00e0 comunque il \"diritto alla conservazione del rapporto di lavoro\".&nbsp;Per le farmacie scatta l'obbligo di prezzi calmierati per i tamponi, gratis solo per chi non pu\u00f2 fare il vaccino.<\/p>\n\n\n\n<p>Tra le novit\u00e0 principali, una sforbiciata dei tempi del green pass. Stando alla bozza arrivata sul tavolo del Cdm, non bisogner\u00e0 pi\u00f9 attendere 15 giorni dalla prima dose di vaccino anti Covid per avere il green pass ma lo si otterr\u00e0 subito dopo la prima somministrazione.<\/p>\n\n\n\n<p>Nella bozza del decreto si legge dunque che il certificato verde \u00e8 obbligatorio per i dipendenti delle amministrazioni pubbliche, il personale delle Autorit\u00e0 amministrative indipendenti, comprese la Commissione nazionale per la societ\u00e0 e la borsa e la Commissione di vigilanza sui fondi pensione, la Banca d'Italia, gli enti pubblici economici e gli organi di rilievo costituzionale. La norma \u00e8 estesa anche ai volontari e ai lavoratori esterni.<\/p>\n\n\n\n<p>Resta fermo il diritto alla conservazione del posto di lavoro. Il personale che non \u00e8 in possesso della certificazione verde COVID-19 o qualora risulti privo della predetta certificazione al momento dell\u2019accesso al luogo di lavoro, \u00e8 considerato assente ingiustificato e, a decorrere dal quinto giorno di assenza, il rapporto di lavoro \u00e8 sospeso fino alla presentazione della predetta certificazione e, comunque non oltre il 31 dicembre 2021, e, in ogni caso, senza conseguenze disciplinari e con diritto alla conservazione del rapporto di lavoro\".&nbsp; Nei casi di assenza ingiustificata e di sospensione \"non sono dovuti la retribuzione n\u00e9 altro compenso o emolumento, comunque denominato\".<\/p>\n\n\n\n<p>Per il settore privato si applicano le stesse norme previste per la pubblica amministrazione, compreso il fatto che \"i datori di lavoro sono tenuti a verificare il rispetto delle prescrizioni\" e che non si applica l'obbligo di green pass \"ai soggetti esenti dalla campagna&nbsp;vaccinale sulla base di idonea certificazione medica rilasciata secondo i criteri definiti con circolare del Ministero della salute\". Se senza green pass i dipendenti sono sospesi dalla prestazione lavorativa, al fine di tutelare la salute e la sicurezza dei lavoratori nel luogo di lavoro. Per il periodo di sospensione non sono dovuti la retribuzione n\u00e9 altro compenso o emolumento, comunque denominato. In ogni caso i lavoratori mantengono il diritto alla conservazione del rapporto di lavoro.<\/p>\n\n\n\n<p>I datori di lavoro sono tenuti a verificare il rispetto delle prescrizioni e devono definire le modalit\u00e0 operative per l\u2019organizzazione delle verifiche, anche a campione, prevedendo prioritariamente, ove possibile, che tali controlli siano effettuati al momento dell\u2019accesso ai luoghi di lavoro.<\/p>\n\n\n\n<p>Estensione dell'obbligo del Green Pass anche per gli organi costituzionali, includendo dunque il Quirinale e la Corte Costituzionale e le cariche elettive di Camera e Senato.&nbsp; L'obbligo, per il principio dell'autodichia, non pu\u00f2 applicarsi automaticamente agli organi costituzionali che, secondo quanto prevederebbe il decreto sul \"super Green Pass\", saranno chiamati a pronunciarsi. Il Parlamento e gli altri organi costituzionali potranno dunque \"autoregolamentarsi\" e \"adeguarsi in coerenza\" sull'obbligo di green pass.<\/p>\n\n\n\n<p>Secondo quanto si apprende, l'orientamento di Palazzo Madama \u00e8 quello di aprire un confronto con il Consiglio di presidenza (di cui fanno parte la presidente del Senato, Elisabetta Casellati, i quattro vicepresidenti, i tre senatori questori e i segretari d'aula) e la conferenza dei capigruppo, per valutare come adeguarsi alle normative previste.<\/p>\n\n\n\n<p>L'obbligo di esibire il green pass varr\u00e0 dal 15 ottobre anche per i magistrati, compresi quelli onorari, gli avvocati e i procuratori dello Stato e i componenti delle commissioni tributarie che devono accedere agli uffici giudiziari. Lo prevede la bozza del decreto approvato dal Cdm nel quale si afferma che le disposizioni non valgono invece per \"avvocati e altri difensori, consulenti, periti e altri ausiliari del magistrato estranei alle amministrazioni della giustizia, testimoni e parti del processo\". L'accesso senza il pass, dice ancora il decreto rappresenta un \"illecito disciplinare\" e come tale sar\u00e0 sanzionato.<\/p>\n\n\n\n<p>L'obbligo di green pass \"non si applica ai soggetti esenti dalla campagna vaccinale sulla base di idonea certificazione medica rilasciata secondo i criteri definiti con circolare del Ministero&nbsp;della salute\".<\/p>\n\n\n\n<p>Entro il 30 settembre ci sar\u00e0 un parere del Cts in vista delle nuove norme da varare sulla capienza degli eventi sportivi e culturali.&nbsp;<\/p>\n\n\n\n<p>&nbsp;Ad oggi, secondo dati del governo, 13,9 milioni di lavoratori hanno gi\u00e0 il Green pass, 4,1 milioni ancora non lo hanno: l'obbligo riguarderebbe dunque in totale circa 18 milioni di persone.&nbsp; Secondo i dati del commissario Figliuolo, inoltre, saremmo vicini alla \"immunit\u00e0 sociale\": accelerare ora sul Pass nei luoghi di lavoro, serve ad avvicinarsi in 3 o 4 settimane a un \"punto di sicurezza\", entro la met\u00e0 di ottobre arrivare alla vaccinazione completa di 44 milioni di persone, l'81,7% della platea.<\/p>\n\n\n\n<p>Le misure, anticipate dai sindacati ieri al termine dell'incontro ad hoc con il governo, e sostanzialmente confermate, dalla Cabina di Regia che ha preceduto il consiglio dei ministri di oggi, sono state illustrate, in un incontro tenutosi nel primo pomeriggio, anche agli enti locali che&nbsp;hanno sollecitato il governo a estendere la validit\u00e0 dei tamponi a 72 ore chiedendo che sia il Comitato tecnico scientifico a esprimere un parere.&nbsp;<\/p>\n","protected":false},"excerpt":{"rendered":"<p>Roma, 16 Sett 2021 &#8211; Green pass obbligatorio per entrare in tutti i luoghi di lavoro sia del settore pubblico che privato, a partire dal&#8230;<\/p>\n","protected":false},"author":2,"featured_media":211876,"comment_status":"closed","ping_status":"open","sticky":false,"template":"","format":"standard","meta":[],"categories":[49,50],"tags":[],"_links":{"self":[{"href":"https:\/\/www.cronacaonline.it\/index.php\/wp-json\/wp\/v2\/posts\/211875"}],"collection":[{"href":"https:\/\/www.cronacaonline.it\/index.php\/wp-json\/wp\/v2\/posts"}],"about":[{"href":"https:\/\/www.cronacaonline.it\/index.php\/wp-json\/wp\/v2\/types\/post"}],"author":[{"embeddable":true,"href":"https:\/\/www.cronacaonline.it\/index.php\/wp-json\/wp\/v2\/users\/2"}],"replies":[{"embeddable":true,"href":"https:\/\/www.cronacaonline.it\/index.php\/wp-json\/wp\/v2\/comments?post=211875"}],"version-history":[{"count":1,"href":"https:\/\/www.cronacaonline.it\/index.php\/wp-json\/wp\/v2\/posts\/211875\/revisions"}],"predecessor-version":[{"id":211877,"href":"https:\/\/www.cronacaonline.it\/index.php\/wp-json\/wp\/v2\/posts\/211875\/revisions\/211877"}],"wp:featuredmedia":[{"embeddable":true,"href":"https:\/\/www.cronacaonline.it\/index.php\/wp-json\/wp\/v2\/media\/211876"}],"wp:attachment":[{"href":"https:\/\/www.cronacaonline.it\/index.php\/wp-json\/wp\/v2\/media?parent=211875"}],"wp:term":[{"taxonomy":"category","embeddable":true,"href":"https:\/\/www.cronacaonline.it\/index.php\/wp-json\/wp\/v2\/categories?post=211875"},{"taxonomy":"post_tag","embeddable":true,"href":"https:\/\/www.cronacaonline.it\/index.php\/wp-json\/wp\/v2\/tags?post=211875"}],"curies":[{"name":"wp","href":"https:\/\/api.w.org\/{rel}","templated":true}]}}