{"id":211810,"date":"2021-09-15T15:33:25","date_gmt":"2021-09-15T13:33:25","guid":{"rendered":"https:\/\/www.cronacaonline.it\/?p=211810"},"modified":"2021-09-15T15:33:27","modified_gmt":"2021-09-15T13:33:27","slug":"green-pass-il-dl-al-senato-dove-il-governo-pone-la-di-fiducia-sul-provvedimento-avversato-da-salvini-ma-che-vota-lo-stesso","status":"publish","type":"post","link":"https:\/\/www.cronacaonline.it\/index.php\/2021\/09\/15\/green-pass-il-dl-al-senato-dove-il-governo-pone-la-di-fiducia-sul-provvedimento-avversato-da-salvini-ma-che-vota-lo-stesso\/","title":{"rendered":"Green pass, il dl al Senato dove il Governo pone la di fiducia sul provvedimento avversato da Salvini ma che vota lo stesso."},"content":{"rendered":"\n<p>Roma, 15 Lug 2021 - Nell'aula del Senato l'esame del decreto sul Green pass. Il ministro per i Rapporti con il Parlamento Federico D'Inc\u00e0 ha\u00a0posto la questione di fiducia sul ddl di conversione, con modificazioni, del\u00a0decreto-legge recante misure urgenti per fronteggiare l'emergenza epidemiologica da\u00a0Covid-19 e per l'esercizio in sicurezza di attivit\u00e0 sociali ed economiche, nel testo trasmesso dalla Camera dei deputati.<\/p>\n\n\n\n<p>La presidente dell'assemblea, Elisabetta Casellati, ha quindi convocato immediatamente la conferenza dei capigruppo, che ha deciso che l'Aula del Senato riprender\u00e0 l'esame del dl sul green pass alle 16.<\/p>\n\n\n\n<p>Dopo 5 minuti di discussione generale chiesti dal gruppo Misto, inizieranno subito le dichiarazioni di voto sulla fiducia chiesta dal Governo.<\/p>\n\n\n\n<p>La chiama per il voto sulla fiducia inizier\u00e0 intorno alle 17,30. L'esito \u00e8 atteso circa un'ora dopo.<\/p>\n\n\n\n<p>In apertura il presidente della Commissione Affari costituzionali Dario Parrini aveva spiegato che la Commissione non aveva concluso l'esame e il voto dei 103 emendamenti, e non ha quindi votato il mandato al relatore. In aula dunque \u00e8 giunto il testo gi\u00e0 approvato dalla Camera. Lello Ciampolillo (Misto) ha subito presentato una questione pregiudiziale per il non passaggio ai voti del decreto, che per\u00f2 \u00e8 stata respinta.<\/p>\n\n\n\n<p>L'Aula della Camera terr\u00e0 la discussione generale sul dl Green Pass bis luned\u00ec 20 settembre. Nella stessa giornata avranno inizio le votazioni sul provvedimento che, come previsto dai capigruppo di Montecitorio, potranno protrarsi fino al successivo mercoled\u00ec.&nbsp;<\/p>\n\n\n\n<p>\"In tutti i partiti ci sono sensibilit\u00e0 diverse. La Lega nei fatti ha votato a favore in Consiglio dei ministri e alla Camera e oggi voter\u00e0 la fiducia al decreto. Poi \u00e8 giusto e corretto dare spazio in Parlamento a posizione diverse. \u00c8 meglio discuterli qua in Aula che nelle piazze, evitando che qualcuno possa strumentalizzare\", ha detto in Aula al Senato il capogruppo della Lega Massimiliano Romeo intervenendo in discussione generale sul decreto sul Green pass. Romeo ha invitato a \"non esasperare i toni\" del dibattito e a puntare pi\u00f9 a \"educare e convincere\" sui vaccini \"che a obbligare\".<\/p>\n\n\n\n<p>Il presidente del Consiglio Mario Draghi, a quanto si apprende, ha convocato a Palazzo Chigi i sindacati sul prossimo decreto Green pass. L'incontro dovrebbe avvenire questo pomeriggio alle 16.30, in vista del Consiglio dei ministri di domani.<\/p>\n\n\n\n<p>Un decreto unico, per estendere l'obbligo di Green pass da met\u00e0 ottobre ai lavoratori pubblici e privati. \u00c8 il provvedimento che potrebbe arrivare domani sul tavolo del Consiglio dei ministri, salvo ulteriori approfondimenti tecnici.<\/p>\n\n\n\n<p>A quanto confermano diverse fonti governative, in queste ore prosegue il lavoro dei tecnici di Palazzo Chigi e ministeri per perfezionare le norme, che devono tenere conto di diverse specificit\u00e0.<\/p>\n\n\n\n<p>Nelle prossime ore \u00e8 in programma l'incontro con i sindacati, ma la via sembra tracciata: provvedimento unico e sanzioni per chi entra al lavoro per pi\u00f9 giorni consecutivi senza il Pass.<\/p>\n\n\n\n<p>\"Ho parlato questa mattina con il ministro Giorgetti: al momento non esiste un progetto definito sull'estensione del Green Pass\". Lo ha dichiarato oggi a Broni(Pavia) Matteo Salvini, a margine del comizio in cui ha sostenuto la candidatura a sindaco di Giusy Vinzoni. \"La posizione della Lega \u00e8 chiara - ha aggiunto Salvini -: siamo per la difesa della salute dei cittadini, anche sui luoghi di lavoro. Ma non si pu\u00f2 pensare di estendere l'obbligo del Green pass a 60 milioni di italiani\".<\/p>\n\n\n\n<p>Si spacca la maggioranza alla Camera sul Green pass. In commissione Cultura la Lega ha votato insieme a Fratelli d'Italia contro il parere (comunque approvato) sul decreto che estende l'obbligo di Green pass a tutto il personale scolastico (docenti, impiegati, collaboratori) e a chiunque debba entrare nelle strutture delle istituzioni scolastiche, educative e formative del Paese, genitori compresi. Lo rende noto Federico Mollicone, deputato di Fdi.<\/p>\n\n\n\n<p>\"In VII commissione la maggioranza vota divisa su uno dei provvedimenti sul Green pass, misura ai limiti dell'incostituzionalit\u00e0 che lede i diritti dei cittadini - dichiara il capogruppo in commissione Cultura di FDI, deputato Federico Mollicone - il regolamento UE sul Green pass esplicita espressamente la necessit\u00e0 di non discriminare fra cittadini di serie A e serie B.<\/p>\n\n\n\n<p>Germania, Danimarca, Svezia e molte altre nazioni hanno evitato l'introduzione del green pass. Gi\u00e0 in Galizia e Andalusia il Green pass \u00e8 stato ritenuto non conforme. Continueremo la battaglia per la libert\u00e0 degli italiani contro questo 'lasciapassare' per la vita sociale!\", afferma Mollicone.<\/p>\n\n\n\n<p>Estensione dell'obbligo di Green pass a tutti i lavoratori che tornano in presenza. \u00c8 la decisione che si attende dalla cabina di regia e nel Consiglio dei ministri che domani dovrebbero decidere le nuove norme sul certificato verde.<\/p>\n\n\n\n<p>L'accordo \u00e8 sostanzialmente raggiunto, malgrado il segretario leghista Matteo Salvini, scettico sull'estensione, continui a chiedere \"equilibrio\" e pretenda aperture su test salivari e sui tamponi a prezzi calmierati.&nbsp;Ma sia il ministro leghista Giancarlo Giorgetti, sia il presidente della Conferenza delle Regioni, Massimiliano Fedriga, anche lui esponente di via Bellerio, abbiano sostanzialmente dato il loro via libera.<\/p>\n\n\n\n<p>I tecnici di Palazzo Chigi sono al lavoro per portare la bozza del testo alla cabina di regia guidata dal presidente del Consiglio Mario Draghi e non \u00e8 ancora chiaro se l'estensione avverr\u00e0 in due tempi: prima per i dipendenti pubblici, questa settimana, per procedere, la prossima, con il settore privato. Oppure se si decider\u00e0 di far scattare subito l'obbligo di certificazione verde per tutti.<\/p>\n\n\n\n<p>I partiti della maggioranza non devono \"tradire\" la missione del Governo che \u00e8 anche quella di mettere il Paese al riparo dall'epidemia. Chi lo fa \"\u00e8 una forza politica che prende in giro il suo elettorato, non ha idee chiare, e non fa bene al Paese\". Lo dice, parlando del Green Pass, il leader M5S Giuseppe Conte.<\/p>\n\n\n\n<p>Dello stesso avviso anche il ministro del Lavoro Pd Andrea Orlando secondo il quale \"sicuramente ci sar\u00e0 un'estensione dell'utilizzo del Green Pass.<\/p>\n\n\n\n<p>\"Il governo \u00e8 pronto ad accelerare sul green pass, abbiamo intrapreso una strada chiara, il Consiglio dei ministri di domani sar\u00e0 sicuramente un momento importante. Si va verso l'obbligo del certificato verde non solo per i lavoratori del pubblico impiego ma anche per quelli del settore privato\", ha detto Mariastella Gelmini, ministro per gli Affari regionali e le autonomie, ai microfoni di Radio Rai.<\/p>\n","protected":false},"excerpt":{"rendered":"<p>Roma, 15 Lug 2021 &#8211; Nell&#8217;aula del Senato l&#8217;esame del decreto sul Green pass. Il ministro per i Rapporti con il Parlamento Federico D&#8217;Inc\u00e0 ha\u00a0posto&#8230;<\/p>\n","protected":false},"author":2,"featured_media":209666,"comment_status":"closed","ping_status":"open","sticky":false,"template":"","format":"standard","meta":[],"categories":[49,50],"tags":[],"_links":{"self":[{"href":"https:\/\/www.cronacaonline.it\/index.php\/wp-json\/wp\/v2\/posts\/211810"}],"collection":[{"href":"https:\/\/www.cronacaonline.it\/index.php\/wp-json\/wp\/v2\/posts"}],"about":[{"href":"https:\/\/www.cronacaonline.it\/index.php\/wp-json\/wp\/v2\/types\/post"}],"author":[{"embeddable":true,"href":"https:\/\/www.cronacaonline.it\/index.php\/wp-json\/wp\/v2\/users\/2"}],"replies":[{"embeddable":true,"href":"https:\/\/www.cronacaonline.it\/index.php\/wp-json\/wp\/v2\/comments?post=211810"}],"version-history":[{"count":1,"href":"https:\/\/www.cronacaonline.it\/index.php\/wp-json\/wp\/v2\/posts\/211810\/revisions"}],"predecessor-version":[{"id":211811,"href":"https:\/\/www.cronacaonline.it\/index.php\/wp-json\/wp\/v2\/posts\/211810\/revisions\/211811"}],"wp:featuredmedia":[{"embeddable":true,"href":"https:\/\/www.cronacaonline.it\/index.php\/wp-json\/wp\/v2\/media\/209666"}],"wp:attachment":[{"href":"https:\/\/www.cronacaonline.it\/index.php\/wp-json\/wp\/v2\/media?parent=211810"}],"wp:term":[{"taxonomy":"category","embeddable":true,"href":"https:\/\/www.cronacaonline.it\/index.php\/wp-json\/wp\/v2\/categories?post=211810"},{"taxonomy":"post_tag","embeddable":true,"href":"https:\/\/www.cronacaonline.it\/index.php\/wp-json\/wp\/v2\/tags?post=211810"}],"curies":[{"name":"wp","href":"https:\/\/api.w.org\/{rel}","templated":true}]}}