{"id":211805,"date":"2021-09-15T12:43:51","date_gmt":"2021-09-15T10:43:51","guid":{"rendered":"https:\/\/www.cronacaonline.it\/?p=211805"},"modified":"2021-09-15T12:43:52","modified_gmt":"2021-09-15T10:43:52","slug":"a-strasburgo-von-der-leyen-ue-leader-mondiale-nelle-vaccinazioni","status":"publish","type":"post","link":"https:\/\/www.cronacaonline.it\/index.php\/2021\/09\/15\/a-strasburgo-von-der-leyen-ue-leader-mondiale-nelle-vaccinazioni\/","title":{"rendered":"A Strasburgo Von der Leyen: Ue leader mondiale nelle vaccinazioni."},"content":{"rendered":"\n<p>Cagliari, 15 Sett 2021 - \"Siamo leader nel mondo sui vaccini. Oltre il 79% della nostra popolazione \u00e8 vaccinata. Siamo stati gli unici ad aver diviso oltre la met\u00e0 dei nostri vaccini col resto del mondo, con oltre 700 milioni\". Cos\u00ec la presidente della Commissione europea, Ursula von der Leyen nel suo discorso sullo Stato dell'Unione.<\/p>\n\n\n\n<p>Si eviti la pandemia dei non vaccinati \"Le differenze tra i tassi di vaccinazione nella nostra Unione sono preoccupanti. Quindi dobbiamo mantenere lo slancio. E l'Europa \u00e8 pronta. Disponiamo di 1,8 miliardi di dosi supplementari. Un quantitativo sufficiente per noi e per i nostri vicini per quando saranno necessari i richiami. Cerchiamo di fare il possibile per garantire che la pandemia non si trasformi in una pandemia dei non vaccinati\", ha aggiunto von der Leyen.<\/p>\n\n\n\n<p>Standing ovation per Bebe Vio all'Europarlamento, presentata dalla presidente della Commissione europea, Ursula von der Leyen, che l'ha presentata \"come ispirazione per l'Europa\". Raccontando lo straordinario percorso della campionessa italiana, Von der Leyen ha detto in italiano: \"Se sembra impossibile allora si pu\u00f2 fare\".<\/p>\n\n\n\n<p>\"Molti di voi la conosceranno: \u00e8 un'atleta che ha vinto la medaglia d'oro per l'Italia e quest'estate ha conquistato il mio cuore. Quello che per\u00f2 forse non sapete \u00e8 che, soltanto ad aprile, le era stato detto che era in pericolo di vita. Ha subito un'operazione, ha lottato, si \u00e8 ripresa. E appena 119 giorni dopo aver lasciato l'ospedale ha conquistato una medaglia alle Paralimpiadi. Onorevoli deputate e deputati, date il benvenuto assieme a me a Beatrice Vio. Cos\u00ec giovane, Bebe ha gi\u00e0 dovuto affrontare molti ostacoli\". Lo ha dichiarato la presidente della Commissione europea, Ursula von der Leyen. \"La sua storia \u00e8 l'emblema di una rinascita contro ogni aspettativa. Di un successo raggiunto grazie al talento, alla tenacia e ad un'indefessa positivit\u00e0. E' l'immagine della sua generazione: una leader e una sostenitrice delle cause in cui crede, che \u00e8 riuscita a raggiungere tutto questo rimanendo fedele alla sua convinzione secondo cui, se sembra impossibile, allora si pu\u00f2 fare\", ha aggiunto la leader dell'esecutivo Ue. \"Questo \u00e8 lo spirito dei fondatori dell'Europa e questo \u00e8 lo spirito della prossima generazione dell'Europa. Facciamoci dunque ispirare da Bebe e da tutti i giovani che cambiano la nostra percezione di ci\u00f2 che \u00e8 possibile, che ci dimostrano che \u00e8 possibile essere chi vogliamo essere. E che \u00e8 possibile raggiungere tutto quello in cui crediamo\", ha evidenziato von der Leyen.<\/p>\n\n\n\n<p>\"Proporremo di dichiarare il 2022 l'anno europeo dei giovani, celebreremo un anno dedicato ai giovani che hanno tanto dato agli altri\". Cos\u00ec la presidente della Commissione europea, Ursula von der Leyen.<\/p>\n\n\n\n<p>La presidente della Commissione europea, Ursula von der Leyen, ha annunciato il programma Alma \"per permettere ai giovani che non lavorano e non fanno formazione di poter avere esperienza lavorativa in un altro Stato membro\". Una specie di Erasmus per chi non studia.<\/p>\n\n\n\n<p>\"Lavoriamo con il segretario generale della Nato Jens Stoltenberg su una nuova dichiarazione congiunta che sar\u00e0 presentata prima della fine dell'anno.&nbsp;Dobbiamo investire nella nostra partnership. Ma questa \u00e8 solo una parte dell'equazione. Dobbiamo fare di pi\u00f9 da soli\" sulla difesa. Lo ha detto la presidente della Commissione europea, Ursula von der Leyen.<\/p>\n\n\n\n<p>\"Dobbiamo gettare le basi per un processo decisionale collettivo, con quella che definirei \"conoscenza situazionale\". Se gli Stati membri attivi nella stessa regione non condividono le loro informazioni a livello europeo, siamo destinati a fallire. \u00c8 essenziale quindi migliorare la cooperazione in materia di intelligence; non si tratta solo di intelligence in senso stretto, ma della necessit\u00e0 di accorpare le conoscenze provenienti da tutti i servizi e da tutte le fonti, dallo spazio ai formatori del personale di polizia, dall'open source alle agenzie di sviluppo. Dal loro lavoro scaturisce un patrimonio dalla portata e profondit\u00e0 uniche\", ha aggiunto la presidente von der Leyen. \"Esiste gi\u00e0, ma possiamo usarlo per prendere decisioni informate solo se disponiamo di un quadro completo della situazione. Al momento non \u00e8 cos\u00ec. Abbiamo le conoscenze, ma separate. Le informazioni sono frammentarie. Per questo motivo l'Ue potrebbe prendere in considerazione la creazione di un proprio \"Centro comune di conoscenza situazionale\" per accorpare tutte le diverse informazioni. E per essere meglio preparati, pienamente informati e in grado di decidere\", ha dichiarato von der Leyen.<\/p>\n\n\n\n<p>\"L'Europa dovrebbe essere il luogo in cui si sviluppano gli strumenti di cyberdifesa. Anche gli Stati membri devono fare di pi\u00f9\", ha dichiarato la presidente della Commission europea. \"Il primo passo \u00e8 una valutazione comune delle minacce con cui dobbiamo confrontarci e un approccio comune per affrontarle. La futura 'bussola strategica' \u00e8 una parte cruciale di questa discussione. E dobbiamo decidere come sfruttare tutte le possibilit\u00e0 gi\u00e0 previste dal trattato\", ha aggiunto.&nbsp;\"Per questo, durante la presidenza francese, convocher\u00f2 con il Presidente Macron un vertice sulla difesa europea. \u00c8 tempo che l'Europa passi alla fase successiva\", ha annunciato von der Leyen.<\/p>\n\n\n\n<p>A breve confronto su riforma fiscale \"Avvieremo una discussione sulla governance economiche nelle prossime settimane; l'obiettivo \u00e8 costruire un consenso sulla strada da seguire ben prima del 2023\" ha inoltre auspicato la presidente della Commissione europea.<\/p>\n\n\n\n<p>\"Facciamo tutto il possibile per evitare che questa situazione si muti in una pandemia dei non vaccinati\" ha affermato Ursula von der Leyen. La presidente ha poi annunciato un piano di investimenti in salute da 50 miliardi di euro.<\/p>\n\n\n\n<p>\"Voglio essere innanzitutto chiara: noi siamo al fianco del popolo afghano. Delle donne, dei bambini, dei giornalisti, dei difensori dei diritti umani, penso alle giudici donne che si nascondono. Coordineremo gli impegni con gli Stati membri per portarli in sicurezza\" ha dichiarato la presidente von der Leyen. \"Dobbiamo sostenere gli afghani nei Paese e negli Stati vicini. Dobbiamo fare tutto il possibile per evitare un rischio concreto di carestia e di disastro umanitario. Aumenteremo aiuti umanitari di 100 milioni di euro con un nuovo capitolo che presenteremo nelle prossime settimane\", ha aggiunto.<\/p>\n\n\n\n<p>\"Bisogna fare di pi\u00f9 a Glasglow, perch\u00e9 gli impegni di riduzione entro il 2030 non bastano. La relazione dell'Iccp non lascia margine ai dubbi. Se il patto verde europeo ha un anima \u00e8 il nuovo Bauhaus europeo. Qualcosa sta cambiando: siamo la prima economia ad aver presentato una relazione dettagliata. Ue raddoppier\u00e0 finanziamenti esterni per biodiversit\u00e0\". Cos\u00ec la presidente della Commissione europea, Ursula von der Leyen.<\/p>\n\n\n\n<p>\"La Cop 26 di Glasgow sar\u00e0 il momento della verit\u00e0 per la comunit\u00e0 globale\" quando la volont\u00e0 delle superpotenze \"dovr\u00e0\u201d essere supportata da piani concreti perch\u00e9 gli attuali impegni presi non manterranno il riscaldamento globale entro gli 1,5 gradi\" ha sostenuto von der Leyen davanti all'Europarlamento.<\/p>\n\n\n\n<p>Sul clima \"ogni Paese ha le sue responsabilit\u00e0\" e \"gli obiettivi espressi dal presidente XI per la Cina sono incoraggianti, ma ci aspettiamo la stessa leadership nel decidere come la Cina raggiunger\u00e0 tali obiettivi. Il mondo sarebbe sollevato se (la Cina, ndr) dimostrasse come raggiungere il picco delle emissioni entro la met\u00e0 del secolo e abbandonare il carbone in patria e oltre\", ha detto Ursula von der Leyen.<\/p>\n\n\n\n<p>\"Le giornaliste e i giornalisti vengono attaccati semplicemente perch\u00e9 svolgono questo lavoro, vengono minacciati o addirittura assassinati. Hanno lottato per il diritto all'informazione, che \u00e8 un bene pubblico. Vogliamo sostenere il loro lavoro e contrastare chi mette a repentaglio la libert\u00e0 dei media. C'\u00e8 bisogno di una legge che garantisca l'indipendenza dei media, e verr\u00e0 proposta una legge sulla libert\u00e0 dei media perch\u00e9 difendendo la libert\u00e0 dei media, difendiamo anche la nostra democrazia\". Cos\u00ec la presidente della Commissione europea.<\/p>\n\n\n\n<p>\u201c\u00c8 stato un discorso, quello di Ursula von der Leyen, di orgoglio e di ambizione direi\". Lo ha dichiarato il commissario europeo all'Economia, Paolo Gentiloni, al termine del discorso sullo Stato dell'Unione. Orgoglio per i risultati, le vaccinazioni, il green pass, i fondi di Recovery, quello che \u00e8 stato fatto nell'ultimo anno ma anche di ambizione almeno su tre terreni: continuare l'intervento in economia, senza ripetere gli errori della crisi precedente, quindi riaprendo immediatamente la discussione sul Patto di stabilit\u00e0; secondo l'ambizione geopolitica sulla difesa comune e l'annuncio di un lavoro con la presidenza francese su questo e terzo il tema del green deal e il mantenimento di una leadership europea, naturalmente con le sfide che questo comporta sul piano sociale\", ha spiegato l'ex premier italiano.<\/p>\n","protected":false},"excerpt":{"rendered":"<p>Cagliari, 15 Sett 2021 &#8211; &#8220;Siamo leader nel mondo sui vaccini. Oltre il 79% della nostra popolazione \u00e8 vaccinata. Siamo stati gli unici ad aver&#8230;<\/p>\n","protected":false},"author":2,"featured_media":211806,"comment_status":"closed","ping_status":"open","sticky":false,"template":"","format":"standard","meta":[],"categories":[49,50],"tags":[],"_links":{"self":[{"href":"https:\/\/www.cronacaonline.it\/index.php\/wp-json\/wp\/v2\/posts\/211805"}],"collection":[{"href":"https:\/\/www.cronacaonline.it\/index.php\/wp-json\/wp\/v2\/posts"}],"about":[{"href":"https:\/\/www.cronacaonline.it\/index.php\/wp-json\/wp\/v2\/types\/post"}],"author":[{"embeddable":true,"href":"https:\/\/www.cronacaonline.it\/index.php\/wp-json\/wp\/v2\/users\/2"}],"replies":[{"embeddable":true,"href":"https:\/\/www.cronacaonline.it\/index.php\/wp-json\/wp\/v2\/comments?post=211805"}],"version-history":[{"count":1,"href":"https:\/\/www.cronacaonline.it\/index.php\/wp-json\/wp\/v2\/posts\/211805\/revisions"}],"predecessor-version":[{"id":211807,"href":"https:\/\/www.cronacaonline.it\/index.php\/wp-json\/wp\/v2\/posts\/211805\/revisions\/211807"}],"wp:featuredmedia":[{"embeddable":true,"href":"https:\/\/www.cronacaonline.it\/index.php\/wp-json\/wp\/v2\/media\/211806"}],"wp:attachment":[{"href":"https:\/\/www.cronacaonline.it\/index.php\/wp-json\/wp\/v2\/media?parent=211805"}],"wp:term":[{"taxonomy":"category","embeddable":true,"href":"https:\/\/www.cronacaonline.it\/index.php\/wp-json\/wp\/v2\/categories?post=211805"},{"taxonomy":"post_tag","embeddable":true,"href":"https:\/\/www.cronacaonline.it\/index.php\/wp-json\/wp\/v2\/tags?post=211805"}],"curies":[{"name":"wp","href":"https:\/\/api.w.org\/{rel}","templated":true}]}}