{"id":211771,"date":"2021-09-14T16:11:44","date_gmt":"2021-09-14T14:11:44","guid":{"rendered":"https:\/\/www.cronacaonline.it\/?p=211771"},"modified":"2021-09-14T16:11:46","modified_gmt":"2021-09-14T14:11:46","slug":"consiglio-sardegna-blue-tongue-844-focolai-in-sardegna-arrivano-25-milioni-di-euro-per-i-ristori-agli-allevatori","status":"publish","type":"post","link":"https:\/\/www.cronacaonline.it\/index.php\/2021\/09\/14\/consiglio-sardegna-blue-tongue-844-focolai-in-sardegna-arrivano-25-milioni-di-euro-per-i-ristori-agli-allevatori\/","title":{"rendered":"Consiglio Sardegna &#8211; Blue tongue, 844 focolai in Sardegna. Arrivano 2,5 milioni di euro per i ristori agli allevatori."},"content":{"rendered":"\n<p>Cagliari, 14 Sett 2021 \u2013\u00a0Due milioni e mezzo di euro per ristorare i danni della blue tongue. La Giunta regionale ha stanziato le prime risorse per venire incontro alle aziende ovicaprine colpite dalla diffusione del morbo. Lo ha annunciato in mattinata l\u2019assessore all\u2019agricoltura Gabriella Murgia sentita in audizione dalle Commissioni \u201cSanit\u00e0\u201d e \u201cAttivit\u00e0 produttive\u201d riunite in seduta congiunta. I fondi risarciranno gli allevatori per i capi morti e per la perdita di reddito. L\u2019assessore Murgia ha anche chiarito che la Regione non potr\u00e0 acquistare prima di sei mesi i repellenti necessari per le disinfestazioni negli ovini: \u00abManca la base giuridica \u2013 ha detto \u2013 che ci consente di mettere a bilancio un\u2019operazione di questo tipo\u00bb.<\/p>\n\n\n\n<p>In&nbsp;mattinata, le commissioni consiliari hanno sentito anche il Commissario dell\u2019Ats Massimo Temussi, il direttore dell\u2019assessorato alla Sanit\u00e0 Marcello Tidore, il direttore dell\u2019Istituto Zooprofilattico Giovanni Filippini e il direttore del Dipartimento prevenzione dell\u2019Ats Francesco Sgarangella.<\/p>\n\n\n\n<p>La seduta \u00e8 servita a fare chiarezza sui numeri: in Sardegna sono 844 i focolai di Blue Tongue individuati, diffusi ormai a macchia di leopardo in tutto il territorio regionale con una netta prevalenza di quelli presenti nelle province di Oristano e Nuoro. Nei paesi del nuorese si sono registrati quasi la met\u00e0 dei casi (401 su 844). Secondo i dati forniti dall\u2019Istituto Zooprofilattico, il numero dei capi colpiti dal virus \u00e8 pari a 268.701. Di questi 21.810 hanno manifestato sintomi clinici. Le pecore morte sono invece 1704. Una situazione diversa rispetto alla prima epidemia di blue tongue registrata in Sardegna tra il 2001 e il 2003 che interess\u00f2 centinaia di allevamenti con migliaia di capi abbattuti.<\/p>\n\n\n\n<p>\u00abLa situazione \u00e8 preoccupante ma non drammatica \u2013 ha detto il commissario dell\u2019Ats Massimo Temussi \u2013 non bisogna per\u00f2 abbassare la guardia perch\u00e9 negli ultimi giorni si \u00e8 registrato un netto peggioramento. In ogni caso l\u2019Ats pu\u00f2 contrastare l\u2019epidemia con i suoi mezzi. Il numero dei veterinari a disposizione, 216 in tutto, \u00e8 sufficiente per far fronte alle necessit\u00e0\u00bb.<\/p>\n\n\n\n<p>Temussi ha poi evidenziato, chiamando in causa i servizi dell\u2019assessorato alla sanit\u00e0, i ritardi nelle decisioni e una mancanza di monitoraggio continuo da parte dell\u2019Unit\u00e0 di crisi regionale, convocata a marzo e poi rimasta in stand by: \u00abNon ci sono state richieste di misure correttive \u2013 ha sottolineato Temussi \u2013 sono mancate le verifiche intermedie. Abbiamo ricevuto solo generici richiami per la prosecuzione della profilassi\u00bb.<\/p>\n\n\n\n<p>Di diverso avviso il direttore dell\u2019assessorato alla Sanit\u00e0 Marcello Tidore: \u00abI servizi veterinari lavorano in sinergia con l\u2019Ats \u2013 ha detto Tidore \u2013 l\u2019assessorato ha formalizzato in primavera lo studio dell\u2019IZS che individuava le zone a maggior rischio. C\u2019\u00e8 stato un atto di programmazione serio che ha consentito di fare la prevenzione. Questa \u00e8 una malattia imprevedibile che necessita di un confronto costante tra chi cerca di contrastarla\u00bb.<\/p>\n\n\n\n<p>E proprio su questo aspetto si \u00e8 soffermato Francesco Sgarangella: \u00abStiamo monitorando la situazione del sud Sardegna dove da alcuni giorni si \u00e8 presentato un sierotipo del virus differente da quello finora monitorato. Crediamo arrivi dal Nord Africa e su questo nuovo nemico occorrer\u00e0 calibrare gli interventi\u00bb.<\/p>\n\n\n\n<p>Nei depositi dell\u2019assessorato alla Sanit\u00e0 sono attualmente 360mila vaccini. Vaccini \u201cspenti\u201d che rispetto a quelli con il virus \u201cattenuato\u201d presentano meno rischi collaterali ma \u2013 questo \u00e8 il rovescio della medaglia, hanno una copertura limitata nel tempo.&nbsp;&nbsp;&nbsp;&nbsp;&nbsp;&nbsp;<\/p>\n\n\n\n<p>Maggiore coordinamento tra assessorato e Ats hanno invocato i consiglieri d\u2019opposizione intervenuti nel dibattito: Gianfranco Ganau e Salvatore Corrias del Pd), Gianfranco Satta (Progressisti) e il leader dell\u2019Udc Giorgio Oppi.<\/p>\n\n\n\n<p>Il presidente della Commissione Sanit\u00e0 Daniele cocco ha invece chiesto di fare chiarezza, una volta per tutte, sugli organici del personale veterinario: \u00abC\u2019\u00e8 un evidente scollamento tra Ats e Assessorato \u2013 ha detto Cocco \u2013 occorre accelerare con le stabilizzazioni e chiudere al pi\u00f9 presto le procedure concorsuali\u00bb.&nbsp;Com<\/p>\n","protected":false},"excerpt":{"rendered":"<p>Cagliari, 14 Sett 2021 \u2013\u00a0Due milioni e mezzo di euro per ristorare i danni della blue tongue. La Giunta regionale ha stanziato le prime risorse&#8230;<\/p>\n","protected":false},"author":2,"featured_media":211772,"comment_status":"closed","ping_status":"open","sticky":false,"template":"","format":"standard","meta":[],"categories":[49,52],"tags":[],"_links":{"self":[{"href":"https:\/\/www.cronacaonline.it\/index.php\/wp-json\/wp\/v2\/posts\/211771"}],"collection":[{"href":"https:\/\/www.cronacaonline.it\/index.php\/wp-json\/wp\/v2\/posts"}],"about":[{"href":"https:\/\/www.cronacaonline.it\/index.php\/wp-json\/wp\/v2\/types\/post"}],"author":[{"embeddable":true,"href":"https:\/\/www.cronacaonline.it\/index.php\/wp-json\/wp\/v2\/users\/2"}],"replies":[{"embeddable":true,"href":"https:\/\/www.cronacaonline.it\/index.php\/wp-json\/wp\/v2\/comments?post=211771"}],"version-history":[{"count":1,"href":"https:\/\/www.cronacaonline.it\/index.php\/wp-json\/wp\/v2\/posts\/211771\/revisions"}],"predecessor-version":[{"id":211773,"href":"https:\/\/www.cronacaonline.it\/index.php\/wp-json\/wp\/v2\/posts\/211771\/revisions\/211773"}],"wp:featuredmedia":[{"embeddable":true,"href":"https:\/\/www.cronacaonline.it\/index.php\/wp-json\/wp\/v2\/media\/211772"}],"wp:attachment":[{"href":"https:\/\/www.cronacaonline.it\/index.php\/wp-json\/wp\/v2\/media?parent=211771"}],"wp:term":[{"taxonomy":"category","embeddable":true,"href":"https:\/\/www.cronacaonline.it\/index.php\/wp-json\/wp\/v2\/categories?post=211771"},{"taxonomy":"post_tag","embeddable":true,"href":"https:\/\/www.cronacaonline.it\/index.php\/wp-json\/wp\/v2\/tags?post=211771"}],"curies":[{"name":"wp","href":"https:\/\/api.w.org\/{rel}","templated":true}]}}