{"id":211767,"date":"2021-09-14T14:53:29","date_gmt":"2021-09-14T12:53:29","guid":{"rendered":"https:\/\/www.cronacaonline.it\/?p=211767"},"modified":"2021-09-14T14:53:30","modified_gmt":"2021-09-14T12:53:30","slug":"caro-bollette-perche-aumenteranno-i-prezzi-nuovo-salasso-per-le-famiglie","status":"publish","type":"post","link":"https:\/\/www.cronacaonline.it\/index.php\/2021\/09\/14\/caro-bollette-perche-aumenteranno-i-prezzi-nuovo-salasso-per-le-famiglie\/","title":{"rendered":"Caro bollette: perch\u00e9 aumenteranno i prezzi? Nuovo salasso per le famiglie."},"content":{"rendered":"\n<p>Roma, 14 Sett 2021 - La data da ricordare \u00e8 il primo ottobre: in quel giorno sapremo a quanto ammonteranno i rincari nelle nostre bollette di luce e gas. L'Arera, l'Autorit\u00e0 per l'Energia, stabilir\u00e0 di quanto sar\u00e0 l'aumento: rincari che secondo l'allarme lanciato ieri dal Ministro per la Transizione Ecologica Roberto Cingolani, potrebbero arrivare a 100 euro l'anno per la luce e a 400 euro per il gas.<\/p>\n\n\n\n<p>Perch\u00e9 questi aumenti? Innanzitutto, il mercato dell'energia sta registrando un trend al rialzo dei prezzi di gas ed energia elettrica che dallo scorso luglio ha assunto livelli record. Tra le cause, vanno considerate l'ascesa dei prezzi delle materie prime dovuta alla ripresa economica su scala globale e le ridotte forniture di gas, in particolare quelle dalla Russia. Ma tra i motivi di questa impennata c'\u00e8 anche la crescita dei prezzi dei permessi di emissione di CO2, chiamati con un acronimo Ets (Emission Trading Scheme). Ma entriamo nel dettaglio delle dinamiche che determineranno un autunno 'caldo' sul fronte delle tariffe energetiche.<\/p>\n\n\n\n<p>Le grandi aziende \u201cpagano\u201d per poter inquinare Il sistema di \"emissioni\" stabilito dalla Ue si basa essenzialmente su un principio: le grandi aziende di tutta Europa - in Italia sono 1.200 soggetti - devono pagare per poter inquinare. Negli ultimi mesi c'\u00e8 stato un incremento dei costi dei permessi delle emissioni di CO2. Ma il meccanismo \u00e8 tale che si possono dar luogo a delle speculazioni. Si tratta del metodo 'cap-and-trade', che consente di scambiare le emissioni. Vale a dire, \u00e8 un sistema di autorizzazioni a inquinare per le aziende europee, che acquistano, ricevono e scambiano queste quote di emissione. Se un'azienda inquina di pi\u00f9 di quanto previsto si trova costretta a comprare altri permessi, aggiungendo quindi un nuovo costo, mentre chi riuscir\u00f2 a ridurre le emissioni pu\u00f2 invece venderli. Visto che le politiche sempre pi\u00f9 ristrettive della Ue hanno fatto aumentare la domanda di permessi, si sta verificando un boom dei prezzi dei diritti. Ora sono ai massimi storici e cio\u00e8 attorno a 50 euro per tonnellata di CO2, un costo che le aziende devono poi recuperare e che va a finire sui costi della bolletta energetica e quindi sulle tariffe dei consumatori.<\/p>\n\n\n\n<p>Secondo l'Arera, il prezzo a termine del terzo trimestre 2021 \"risulta in aumento di circa il 50% rispetto a quello utilizzato per l'aggiornamento del secondo trimestre 2021\". Si preannuncia quindi un forte aumento in bolletta. Ma perch\u00e9? Innanzitutto, va considerato che nonostante la crescita di produzione energetica avvenuta negli ultimi anni e la diffusione di impianti delle fonti rinnovabili, la maggior parte del fabbisogno energetico in Italia viene coperta con il gas che, nonostante sia una delle fonti meno inquinanti, rimane una delle pi\u00f9 care perch\u00e9 di importazione. A questo si aggiunge il fattore meteorologico: abbiamo vissuto una primavera particolarmente fredda, con temperature pi\u00f9 basse della media fino a maggio, mentre l'estate \u00e8 stata molto calda con livelli record di afa. Una tempesta perfetta che ha fatto lievitare il prezzo del gas, la cui domanda \u00e8 aumentata prima per il riscaldamento domestico e poi per produrre energia per compensare la domanda crescente di elettricit\u00e0 per alimentare condizionatori nonch\u00e9 impianti di raffreddamento delle abitazioni e degli uffici. A questo, va aggiunto anche il fatto che \u00e8 stata l'Asia la prima a uscire dall'emergenza e a ripartire economicamente. E cos\u00ec le navi \"gasiere\" sono partite prima alla volta della Cina, o della Corea o del Giappone e soltanto dopo verso l'Europa. Inoltre, sono calate le esportazioni della Russia verso la Ue, per le difficolt\u00e0 politiche nel raddoppio del gasdotto North Stream. Insomma, i prezzi europei del gas sono cresciuti di oltre il 30% nel secondo trimestre del 2021 rispetto al primo.<\/p>\n\n\n\n<p>Il governo si \u00e8 gi\u00e0 mosso agli inizi di luglio stanziando 1,2 miliardi di euro proprio grazie alla vendita degli Ets, per evitare che gli effetti dei rialzi colpissero in modo pesante le tasche dei consumatori. Ma ora sta pensando ad una riforma compiuta degli oneri generali di sistema proprio per alleggerire il fardello di voci che gravano in bolletta e nella prospettiva di trasferire sotto la fiscalit\u00e0 generale gli oneri per il sostegno alle energie rinnovabili. Organismi come Arera hanno gi\u00e0 indicato la necessit\u00e0 di eliminare in bolletta 'gli oneri non direttamente connessi agli obiettivi di sviluppo ambientalmente sostenibile e quelli finalizzati al contrasto della povert\u00e0 energetica'. Si tratta di voci come i costi relativi allo smantellamento delle centrali nucleari dismesse o come&nbsp;gli oneri a copertura del regime tariffario speciale riconosciuto alla societ\u00e0 Rfi per i consumi di elettricit\u00e0 relativi ai servizi ferroviari su rete tradizionale.<\/p>\n\n\n\n<p>La stangata autunnale in arrivo non riguarda solo l'Italia, ma tutte le principali economie. Ad esempio, la Spagna sta gi\u00e0 correndo ai ripari: ieri il premier Pedro Sanchez, ha annunciato una riduzione dell'imposta sull'elettricit\u00e0 dal 5,1% allo 0,5% per alleggerire la bolletta. Secondo un report de \"El Pais\", le tariffe stanno aumentando moltissimo anche in Germania, che ha anche tradizionalmente quella elettrica pi\u00f9 cara dell'Ue.&nbsp; Peraltro il mix energetico della Germania \u00e8 ancora fortemente dipendente dal carbone e dal gas naturale, che sono diventati pi\u00f9 costosi negli ultimi mesi e questo assieme all'aumento dei costi della C02, ha fatto salire il costo per megawattora.&nbsp; Ma i costi ancora non si fanno sentire in bolletta perch\u00e9 in Germania la fornitura \u00e8 contrattata per periodi di uno o due anni e ad un prezzo fisso. Stesso discorso per la Francia: anche qui i costi dell'energia stanno salendo ma i consumatori non ne stanno risentendo perch\u00e9 la maggior parte ha una tariffa fissa con il gigante EDF (di propriet\u00e0 statale per pi\u00f9 dell'80%) che \u00e8 regolata annualmente.<\/p>\n","protected":false},"excerpt":{"rendered":"<p>Roma, 14 Sett 2021 &#8211; La data da ricordare \u00e8 il primo ottobre: in quel giorno sapremo a quanto ammonteranno i rincari nelle nostre bollette&#8230;<\/p>\n","protected":false},"author":2,"featured_media":11821,"comment_status":"closed","ping_status":"open","sticky":false,"template":"","format":"standard","meta":[],"categories":[49,50],"tags":[],"_links":{"self":[{"href":"https:\/\/www.cronacaonline.it\/index.php\/wp-json\/wp\/v2\/posts\/211767"}],"collection":[{"href":"https:\/\/www.cronacaonline.it\/index.php\/wp-json\/wp\/v2\/posts"}],"about":[{"href":"https:\/\/www.cronacaonline.it\/index.php\/wp-json\/wp\/v2\/types\/post"}],"author":[{"embeddable":true,"href":"https:\/\/www.cronacaonline.it\/index.php\/wp-json\/wp\/v2\/users\/2"}],"replies":[{"embeddable":true,"href":"https:\/\/www.cronacaonline.it\/index.php\/wp-json\/wp\/v2\/comments?post=211767"}],"version-history":[{"count":1,"href":"https:\/\/www.cronacaonline.it\/index.php\/wp-json\/wp\/v2\/posts\/211767\/revisions"}],"predecessor-version":[{"id":211768,"href":"https:\/\/www.cronacaonline.it\/index.php\/wp-json\/wp\/v2\/posts\/211767\/revisions\/211768"}],"wp:featuredmedia":[{"embeddable":true,"href":"https:\/\/www.cronacaonline.it\/index.php\/wp-json\/wp\/v2\/media\/11821"}],"wp:attachment":[{"href":"https:\/\/www.cronacaonline.it\/index.php\/wp-json\/wp\/v2\/media?parent=211767"}],"wp:term":[{"taxonomy":"category","embeddable":true,"href":"https:\/\/www.cronacaonline.it\/index.php\/wp-json\/wp\/v2\/categories?post=211767"},{"taxonomy":"post_tag","embeddable":true,"href":"https:\/\/www.cronacaonline.it\/index.php\/wp-json\/wp\/v2\/tags?post=211767"}],"curies":[{"name":"wp","href":"https:\/\/api.w.org\/{rel}","templated":true}]}}