{"id":211743,"date":"2021-09-13T17:35:39","date_gmt":"2021-09-13T15:35:39","guid":{"rendered":"https:\/\/www.cronacaonline.it\/?p=211743"},"modified":"2021-09-13T17:35:41","modified_gmt":"2021-09-13T15:35:41","slug":"covid-nuova-ordinanza-del-ministero-della-salute-la-sicilia-resta-gialla-per-altri-15-giorni","status":"publish","type":"post","link":"https:\/\/www.cronacaonline.it\/index.php\/2021\/09\/13\/covid-nuova-ordinanza-del-ministero-della-salute-la-sicilia-resta-gialla-per-altri-15-giorni\/","title":{"rendered":"Covid &#8211; Nuova ordinanza del ministero della Salute: la Sicilia resta &#8216;gialla&#8217; per altri 15 giorni."},"content":{"rendered":"\n<p>Roma, 13 Sett 2021 - La Sicilia resta in zona gialla per\u00a0altri 15 giorni.\u00a0 Lo prevede la nuova ordinanza 'Misure urgenti\u00a0di contenimento e\u00a0gestione dell'emergenza sanitaria nella\u00a0Regione Sicilia' del ministero della Salute, datata 10 settembre\u00a0e pubblicata sul sito dello stesso ministero. \"Allo scopo di\u00a0contrastare e contenere il diffondersi\u00a0del\u00a0virus Sars-Cov-2,\u00a0per la Regione Sicilia l'ordinanza del Ministro\u00a0della salute\u00a0 27\u00a0 agosto\u00a0 2021 \u00e8 rinnovata per ulteriori\u00a0quindici giorni, ferma restando la possibilit\u00e0 di una nuova\u00a0classificazione\". L'ordinanza del 27 agosto 2021 collocava la\u00a0Sicilia in zona gialla.<\/p>\n\n\n\n<p>Nella settimana appena conclusa si rafforza la&nbsp;tendenza al rallentamento della diffusione del Covid-19 in Sicilia, gi\u00e0&nbsp;rilevata la settimana scorsa: sono diminuiti i nuovi positivi, i ricoverati,&nbsp;(ordinari e in terapia intensiva) e i nuovi ingressi in terapia intensiva. Dopo&nbsp;nove settimane \u00e8 tornato a diminuire anche il numero degli attuali positivi. Lo&nbsp;rileva L'Ufficio di statistica del Comune di Palermo. Nella settimana appena conclusa i nuovi positivi in Sicilia sono 6.252, il 27,3%&nbsp;in meno rispetto alla settimana precedente, quando gi\u00e0 si era registrata una&nbsp;diminuzione del 7,6%. E' diminuito anche il rapporto fra tamponi positivi e&nbsp;tamponi effettuati, passato dal 6,6% al 4,8%. Il numero degli attuali positivi \u00e8&nbsp;pari a 26190, 2272 in meno rispetto alla settimana precedente.<\/p>\n\n\n\n<p>Le persone in isolamento domiciliare sono 25298, 2199&nbsp;in meno rispetto alla settimana precedente. 4) I ricoverati sono 892, di cui 106&nbsp;in terapia intensiva. Rispetto alla settimana precedente sono diminuiti di 73&nbsp;unit\u00e0 (i ricoverati in terapia intensiva sono diminuiti di 14 unit\u00e0). Si sono&nbsp;registrati 40 nuovi ingressi in terapia intensiva (il 42% in meno rispetto ai 69&nbsp;della settimana precedente). Il numero dei guariti (255.944) \u00e8 cresciuto di 8392 unit\u00e0 rispetto alla&nbsp;settimana precedente.<\/p>\n\n\n\n<p>La percentuale dei guariti sul totale positivi \u00e8 pari&nbsp;all'88,7%&nbsp;(87,6% domenica scorsa). Il numero di persone decedute registrato&nbsp;nella settimana \u00e8 pari a 132 (contro le 131 della settimana precedente). A&nbsp;causa di alcuni riconteggi, il numero provvisorio di persone decedute&nbsp;attribuibili alla settimana appena conclusa \u00e8 per\u00f2 pari a 82.&nbsp;Complessivamente&nbsp;le persone decedute sono 6.577, e il tasso di letalit\u00e0 (deceduti\/totale&nbsp;positivi) \u00e8 pari al 2,3% (come la settimana scorsa). I ricoverati&nbsp;complessivamente rappresentano il 3,4% degli attuali positivi (i ricoverati in&nbsp;terapia intensiva lo 0,4%).<\/p>\n","protected":false},"excerpt":{"rendered":"<p>Roma, 13 Sett 2021 &#8211; La Sicilia resta in zona gialla per\u00a0altri 15 giorni.\u00a0 Lo prevede la nuova ordinanza &#8216;Misure urgenti\u00a0di contenimento e\u00a0gestione dell&#8217;emergenza sanitaria&#8230;<\/p>\n","protected":false},"author":2,"featured_media":189610,"comment_status":"closed","ping_status":"open","sticky":false,"template":"","format":"standard","meta":[],"categories":[49,51],"tags":[],"_links":{"self":[{"href":"https:\/\/www.cronacaonline.it\/index.php\/wp-json\/wp\/v2\/posts\/211743"}],"collection":[{"href":"https:\/\/www.cronacaonline.it\/index.php\/wp-json\/wp\/v2\/posts"}],"about":[{"href":"https:\/\/www.cronacaonline.it\/index.php\/wp-json\/wp\/v2\/types\/post"}],"author":[{"embeddable":true,"href":"https:\/\/www.cronacaonline.it\/index.php\/wp-json\/wp\/v2\/users\/2"}],"replies":[{"embeddable":true,"href":"https:\/\/www.cronacaonline.it\/index.php\/wp-json\/wp\/v2\/comments?post=211743"}],"version-history":[{"count":1,"href":"https:\/\/www.cronacaonline.it\/index.php\/wp-json\/wp\/v2\/posts\/211743\/revisions"}],"predecessor-version":[{"id":211744,"href":"https:\/\/www.cronacaonline.it\/index.php\/wp-json\/wp\/v2\/posts\/211743\/revisions\/211744"}],"wp:featuredmedia":[{"embeddable":true,"href":"https:\/\/www.cronacaonline.it\/index.php\/wp-json\/wp\/v2\/media\/189610"}],"wp:attachment":[{"href":"https:\/\/www.cronacaonline.it\/index.php\/wp-json\/wp\/v2\/media?parent=211743"}],"wp:term":[{"taxonomy":"category","embeddable":true,"href":"https:\/\/www.cronacaonline.it\/index.php\/wp-json\/wp\/v2\/categories?post=211743"},{"taxonomy":"post_tag","embeddable":true,"href":"https:\/\/www.cronacaonline.it\/index.php\/wp-json\/wp\/v2\/tags?post=211743"}],"curies":[{"name":"wp","href":"https:\/\/api.w.org\/{rel}","templated":true}]}}