{"id":211702,"date":"2021-09-12T10:21:45","date_gmt":"2021-09-12T08:21:45","guid":{"rendered":"https:\/\/www.cronacaonline.it\/?p=211702"},"modified":"2021-09-12T10:21:46","modified_gmt":"2021-09-12T08:21:46","slug":"crisi-politica-nel-comune-di-cagliari-dopo-il-rimpasto-in-solitario-del-sindaco-truzzu-la-lega-di-salvini-passa-allopposizione-mettendo-in-crisi-la-giunta","status":"publish","type":"post","link":"https:\/\/www.cronacaonline.it\/index.php\/2021\/09\/12\/crisi-politica-nel-comune-di-cagliari-dopo-il-rimpasto-in-solitario-del-sindaco-truzzu-la-lega-di-salvini-passa-allopposizione-mettendo-in-crisi-la-giunta\/","title":{"rendered":"Crisi politica nel comune di Cagliari: dopo il rimpasto in solitario del Sindaco Truzzu la Lega di Salvini passa all\u2019opposizione mettendo in crisi la Giunta."},"content":{"rendered":"\n<p>Cagliari, 12 Sett 2021 - Era quasi certo che la coalizione che governa il Comune di Cagliari presto sarebbe scoppiata. Come \u00e8 imminente lo scoppio nella coalizione di governo regionale dove, appunto, sempre la lega si attende un rimpasto che la gratifichi in assessorati pesanti e non la mortifichi togliendogli specialmente l\u2019assessorato alla Sanit\u00e0 settore in cui Salvini \u00e8 molto sensibile.<\/p>\n\n\n\n<p>Ma torniamo a Cagliari: infatti il Sindaco Paolo Truzzu, dopo il rimpasto deciso quasi in solitaria, il Carroccio sardo-lombardo \u00e8 fuori dalla maggioranza. L\u2019intruso Zoffili nelle questioni di governo sardo, ha dichiarato durante la spiegazione della loro uscita dalla maggioranza che l\u2019assessore Tack \u00e8 stato cacciato per una questione di poltrone\u201d. Tack \u2013 ha aggiunto il lombardo non amato - \u00e8 stato estromesso per fame di potere e per una questione di poltrone: noi abbiamo a cuore la citt\u00e0 di Cagliari (sic) e continueremo a lavorare per il capoluogo della Sardegna. Durante la sua esternazione, Zoffili (il gendarme messo in Sardegna per controllare che tutto sia fatto come disposto dal loro capo Salvini e per salvaguardare solo la Lega e non la Sardegna) ha anche annunciato la nomina dello stesso&nbsp;Tack a coordinatore della Lega per il comune di Cagliari, mentre Piras continuer\u00e0 a ricoprire il ruolo di coordinatore provinciale.<\/p>\n\n\n\n<p>In seguito alla notizia della Lega passata all\u2019opposizione (cosa che certamente non sar\u00e0 di lunga durante e come sar\u00e0 accontentata torner\u00e0 sui suoi passi), Fratelli d\u2019Italia ha diffuso una nota, a firma della coordinatrice regionale Alessandra Zedda, dove si legge:&nbsp;\"Nessuno caccia nessuno, tanto meno il sindaco Paolo Truzzu e Fratelli di Italia\".<\/p>\n","protected":false},"excerpt":{"rendered":"<p>Cagliari, 12 Sett 2021 &#8211; Era quasi certo che la coalizione che governa il Comune di Cagliari presto sarebbe scoppiata. Come \u00e8 imminente lo scoppio&#8230;<\/p>\n","protected":false},"author":2,"featured_media":132550,"comment_status":"closed","ping_status":"open","sticky":false,"template":"","format":"standard","meta":[],"categories":[49,52],"tags":[],"_links":{"self":[{"href":"https:\/\/www.cronacaonline.it\/index.php\/wp-json\/wp\/v2\/posts\/211702"}],"collection":[{"href":"https:\/\/www.cronacaonline.it\/index.php\/wp-json\/wp\/v2\/posts"}],"about":[{"href":"https:\/\/www.cronacaonline.it\/index.php\/wp-json\/wp\/v2\/types\/post"}],"author":[{"embeddable":true,"href":"https:\/\/www.cronacaonline.it\/index.php\/wp-json\/wp\/v2\/users\/2"}],"replies":[{"embeddable":true,"href":"https:\/\/www.cronacaonline.it\/index.php\/wp-json\/wp\/v2\/comments?post=211702"}],"version-history":[{"count":1,"href":"https:\/\/www.cronacaonline.it\/index.php\/wp-json\/wp\/v2\/posts\/211702\/revisions"}],"predecessor-version":[{"id":211703,"href":"https:\/\/www.cronacaonline.it\/index.php\/wp-json\/wp\/v2\/posts\/211702\/revisions\/211703"}],"wp:featuredmedia":[{"embeddable":true,"href":"https:\/\/www.cronacaonline.it\/index.php\/wp-json\/wp\/v2\/media\/132550"}],"wp:attachment":[{"href":"https:\/\/www.cronacaonline.it\/index.php\/wp-json\/wp\/v2\/media?parent=211702"}],"wp:term":[{"taxonomy":"category","embeddable":true,"href":"https:\/\/www.cronacaonline.it\/index.php\/wp-json\/wp\/v2\/categories?post=211702"},{"taxonomy":"post_tag","embeddable":true,"href":"https:\/\/www.cronacaonline.it\/index.php\/wp-json\/wp\/v2\/tags?post=211702"}],"curies":[{"name":"wp","href":"https:\/\/api.w.org\/{rel}","templated":true}]}}