{"id":211697,"date":"2021-09-12T10:02:20","date_gmt":"2021-09-12T08:02:20","guid":{"rendered":"https:\/\/www.cronacaonline.it\/?p=211697"},"modified":"2021-09-12T10:02:22","modified_gmt":"2021-09-12T08:02:22","slug":"il-viaggio-di-papa-francesco-a-budapest-e-in-slovacchia-orban-non-si-fa-vedere-perche-con-il-papa-non-sono-daccordo-sui-migranti-ma-alla-fine-il-despota-ungherese-fa-una-fugace-comparso-per","status":"publish","type":"post","link":"https:\/\/www.cronacaonline.it\/index.php\/2021\/09\/12\/il-viaggio-di-papa-francesco-a-budapest-e-in-slovacchia-orban-non-si-fa-vedere-perche-con-il-papa-non-sono-daccordo-sui-migranti-ma-alla-fine-il-despota-ungherese-fa-una-fugace-comparso-per\/","title":{"rendered":"Il viaggio di Papa Francesco a Budapest e in Slovacchia, Orban non si fa vedere perch\u00e9 con il papa non sono d\u2019accordo sui migranti. Ma alla fine il despota ungherese fa una fugace comparso per stringere la mano al Pontefice e basta."},"content":{"rendered":"\n<p>Cagliari, 12 Ago 2021 - Papa Francesco \u00e8 arrivato a Budapest, prima tappa del viaggio apostolico internazionale che lo porter\u00e0 anche in Slovacchia fino al prossimo 15 settembre. L'aereo Alitalia con a bordo il Pontefice \u00e8 atterrato all'aeroporto della capitale magiara, dove ad accogliere Francesco \u00e8 il vice primo ministro Zsolt Semjen. Si tratta del 34esimo viaggio apostolico del suo Pontificato, il primo dopo l'operazione chirurgica al colon che Bergoglio ha subito lo scorso 4 luglio al Policlinico Gemelli.\u00a0\"Riprendiamo i viaggi e questa \u00e8 una cosa molto importante, perch\u00e9 andremo a portare la parola e il saluto a tanta gente\" ha detto\u00a0Papa Francesco salutando i giornalisti sul volo da Roma a Budapest.\u00a0\"Ci lascia l\u2019AIitalia grazie a tutti voi e grazie all\u2019Alitalia che ci ha portati fino ad ora\" ha poi aggiunto.<\/p>\n\n\n\n<p>In Ungheria una visita lampo di appena sette ore. Alle 8.45, presso il Museo delle Belle Arti, il Papa incontrer\u00e0 il presidente della Repubblica Janos Ader e il primo ministro Viktor Orban - incontro quest'ultimo particolarmente atteso anche se non sar\u00e0 un incontro privato - quindi alle 9.15 i vescovi e alle 10.00 i rappresentanti del Consiglio ecumenico delle Chiese e alcune comunit\u00e0 ebraiche dell'Ungheria.<\/p>\n\n\n\n<p>Alle 11.30 la messa conclusiva del 52esimo Congresso eucaristico internazionale nella Piazza degli Eroi e di seguito l'Angelus. Alle 14.30 la cerimonia di congedo all'Aeroporto di Budapest e alle 14.40 la partenza per Bratislava, dove papa Francesco atterrer\u00e0 alle 15.30, con l'accoglienza ufficiale presso lo scalo aereo da parte della presidente della Repubblica, Zuzana Caputova. Ancora due gli appuntamenti della giornata nella capitale slovacca, entrambi presso la Nunziatura apostolica dove allogger\u00e0 il Papa: alle 16.30 l'incontro ecumenico e alle 17.30 quello privato con i membri della Compagnia di Ges\u00f9.<\/p>\n\n\n\n<p>\"Nel momento in cui mi accingo a partire per Budapest in occasione della giornata conclusiva del Congresso eucaristico internazionale, diretto poi in Slovacchia per incontrare i fratelli nella fede e gli altri abitanti di quella Nazione, mi \u00e8 gradito rivolgere a Lei, signor presidente, e all'intero popolo italiano il mio cordiale pensiero che accompagno con sinceri auspici di serenit\u00e0 e di generoso impegno per il bene comune\". \u00c8 questo il testo del telegramma inviato da Papa Francesco al presidente della Repubblica Sergio Mattarella al momento di lasciare l'Italia per il suo 34esimo Viaggio Apostolico Internazionale.<\/p>\n\n\n\n<p>Durante il volo verso Budapest, nel sorvolare la Croazia, il Santo Padre ha fatto pervenire al Presidente della Repubblica Zoran Milanovic il seguente messaggio telegrafico: \"Sua Eccellenza Zoran Milanovic, presidente della Repubblica di Croazia estendo i migliori auguri a Vostra eccellenza e ai vostri concittadini mentre viaggio nello spazio aereo croato per il mio viaggio apostolico a Budapest e in Slovacchia. Invocando le benedizioni divine di pace e benessere sulla nazione, offro la garanzia delle mie preghiere\".<\/p>\n","protected":false},"excerpt":{"rendered":"<p>Cagliari, 12 Ago 2021 &#8211; Papa Francesco \u00e8 arrivato a Budapest, prima tappa del viaggio apostolico internazionale che lo porter\u00e0 anche in Slovacchia fino al&#8230;<\/p>\n","protected":false},"author":2,"featured_media":211698,"comment_status":"closed","ping_status":"open","sticky":false,"template":"","format":"standard","meta":[],"categories":[49,50],"tags":[],"_links":{"self":[{"href":"https:\/\/www.cronacaonline.it\/index.php\/wp-json\/wp\/v2\/posts\/211697"}],"collection":[{"href":"https:\/\/www.cronacaonline.it\/index.php\/wp-json\/wp\/v2\/posts"}],"about":[{"href":"https:\/\/www.cronacaonline.it\/index.php\/wp-json\/wp\/v2\/types\/post"}],"author":[{"embeddable":true,"href":"https:\/\/www.cronacaonline.it\/index.php\/wp-json\/wp\/v2\/users\/2"}],"replies":[{"embeddable":true,"href":"https:\/\/www.cronacaonline.it\/index.php\/wp-json\/wp\/v2\/comments?post=211697"}],"version-history":[{"count":1,"href":"https:\/\/www.cronacaonline.it\/index.php\/wp-json\/wp\/v2\/posts\/211697\/revisions"}],"predecessor-version":[{"id":211699,"href":"https:\/\/www.cronacaonline.it\/index.php\/wp-json\/wp\/v2\/posts\/211697\/revisions\/211699"}],"wp:featuredmedia":[{"embeddable":true,"href":"https:\/\/www.cronacaonline.it\/index.php\/wp-json\/wp\/v2\/media\/211698"}],"wp:attachment":[{"href":"https:\/\/www.cronacaonline.it\/index.php\/wp-json\/wp\/v2\/media?parent=211697"}],"wp:term":[{"taxonomy":"category","embeddable":true,"href":"https:\/\/www.cronacaonline.it\/index.php\/wp-json\/wp\/v2\/categories?post=211697"},{"taxonomy":"post_tag","embeddable":true,"href":"https:\/\/www.cronacaonline.it\/index.php\/wp-json\/wp\/v2\/tags?post=211697"}],"curies":[{"name":"wp","href":"https:\/\/api.w.org\/{rel}","templated":true}]}}