{"id":211671,"date":"2021-09-11T12:10:16","date_gmt":"2021-09-11T10:10:16","guid":{"rendered":"https:\/\/www.cronacaonline.it\/?p=211671"},"modified":"2021-09-11T12:10:17","modified_gmt":"2021-09-11T10:10:17","slug":"presidente-regione-sardegna-nomina-commissario-straordinario-per-la-viabilito-opere-finanziate-per-oltre-1-miliardo","status":"publish","type":"post","link":"https:\/\/www.cronacaonline.it\/index.php\/2021\/09\/11\/presidente-regione-sardegna-nomina-commissario-straordinario-per-la-viabilito-opere-finanziate-per-oltre-1-miliardo\/","title":{"rendered":"Presidente Regione Sardegna nomina commissario straordinario per la viabilit\u00f2. Opere finanziate per oltre 1 miliardo."},"content":{"rendered":"\n<p>Cagliari, 11 Sett 2021\u00a0-\u00a0Il Presidente della Regione Christian Solinas \u00e8 Commissario straordinario per la viabilit\u00e0 della Sardegna. La comunicazione \u00e8 stata inviata dal Ministro delle Infrastrutture e della Mobilit\u00e0 Enrico Giovannini. \u00c8 stata cos\u00ec accolta la richiesta di commissariamento per lo sblocco di dieci tra le principali opere stradali dell\u2019Isola, del valore di oltre 1 miliardo di euro.<\/p>\n\n\n\n<p>\u00c8 una grande vittoria politica della Sardegna, dice il Presidente Solinas: l'Isola \u00e8 protagonista delle proprie scelte e del proprio futuro. Abbiamo fin dall\u2019inizio della Legislatura sostenuto come prioritario l\u2019obiettivo di realizzare una moderna ed efficiente rete viaria che potesse creare le condizioni di sviluppo economico e sociale della nostra regione. Oggi arriva la riposta tanto attesa, che ci consentir\u00e0 di porre rimedio alle gravi lacune relative alla sicurezza stradale e ad agevolare il trasporto delle persone e delle merci, oltre che a dispiegare importanti effetti nella lotta all\u2019isolamento dei territori che questa Giunta ha individuato tra gli obiettivi prioritari, ha detto il Presidente della Regione Solinas.&nbsp;<\/p>\n\n\n\n<p>Il ministro delle infrastrutture e della mobilit\u00e0 sostenibile Giovannini, continua il Presidente, ha condiviso con noi la necessit\u00e0 di adottare gli strumenti commissariali previsti dalla normativa vigente al fine di accelerare le opere in ritardo realizzativo, unico modo per realizzare collegamenti sicuri, veloci ed efficienti tra i territori.&nbsp;<\/p>\n\n\n\n<p>Sul fronte dei costi, ha evidenziato ancora il Presidente, non \u00e8 previsto alcun aggravio per le casse regionali dato che, cos\u00ec come da noi richiesto, al commissario non spetta alcun compenso o emolumento aggiuntivo a carico della finanza pubblica. Un altro importante segnale di attenzione che vogliamo dare alla Sardegna e ai sardi, ha detto il Presidente.<\/p>\n\n\n\n<p>L\u2019incarico ha durata fino alla consegna degli interventi realizzati.<\/p>\n\n\n\n<p>Il Commissario straordinario sovraintender\u00e0 alla programmazione, progettazione, affidamento esecuzione dei seguenti interventi infrastrutturali sulla rete stradale sarda:<\/p>\n\n\n\n<p>1. SS131, completamento itinerario Sassari-Olbia \u2013 potenziamento, messa in sicurezza della SS 131 dal km 192+500 al km 209+500 (1 lotto); SS131, completamento itinerario Sassari-Olbia \u2013 potenziamento, messa in sicurezza della SS 131 dal km 192+500 al km 209+500 (2 lotto)<\/p>\n\n\n\n<p>2. SS 554, (ex 125) cagliaritana, connessione tra la 554 e la nuova SS 554<\/p>\n\n\n\n<p>3. SS554 cagliaritana, adeguamento dell\u2019asse attrezzato urbano ed eliminazione delle intersezioni a raso - primo intervento funzionale (dal km 1+500 al km 7+100)<\/p>\n\n\n\n<p>4. SS554 cagliaritana, adeguamento dell\u2019asse attrezzato urbano ed eliminazione dell\u2019intersezione a raso, secondo intervento funzionale (dal km 7+100 al km 11+850)<\/p>\n\n\n\n<p>5. SS130, eliminazione degli incroci a raso da Cagliari a Decimomannu dal km 3+100 a 15+600<\/p>\n\n\n\n<p>6. SS291, lavori di costruzione del lotto 1 da Alghero a Olmedo in localit\u00e0 Bivio cantoniera di Rudas (completamento collegamento Alghero-Sassari) e del lotto 4 tra Bivio Olmedo e aeroporto Alghero-Fertilia (bretella per l\u2019aeroporto)<\/p>\n\n\n\n<p>7. SS195 Sulcitana Cagliari-Pula, completamento dell\u2019itinerario Cagliari-Pula; collegamento con SS 130 e aeroporto Cagliari-Elmas lotto 2<\/p>\n\n\n\n<p>8. SS126, realizzazione nuovo collegamento terrestre dell\u2019istmo con l\u2019isola di Sant\u2019Antioco e della circonvallazione di Sant\u2019Antioco<\/p>\n\n\n\n<p>9. Nuova SS125\/133 BIS Olbia-Palau tratta Olbia Nord al km 330+800 San Giovanni; nuova SS125\/13 BIS Olbia Palau tratta Arzachena-Palau da svincolo di Arzachena nord al km 351 dell\u2019attuale SS125 \u2013 primo stralcio<\/p>\n\n\n\n<p>10. SS125 tronco Tertenia-San Priamo: lotto primo, stralcio secondo. Com<\/p>\n","protected":false},"excerpt":{"rendered":"<p>Cagliari, 11 Sett 2021\u00a0&#8211;\u00a0Il Presidente della Regione Christian Solinas \u00e8 Commissario straordinario per la viabilit\u00e0 della Sardegna. La comunicazione \u00e8 stata inviata dal Ministro delle&#8230;<\/p>\n","protected":false},"author":2,"featured_media":135569,"comment_status":"closed","ping_status":"open","sticky":false,"template":"","format":"standard","meta":[],"categories":[49,52],"tags":[],"_links":{"self":[{"href":"https:\/\/www.cronacaonline.it\/index.php\/wp-json\/wp\/v2\/posts\/211671"}],"collection":[{"href":"https:\/\/www.cronacaonline.it\/index.php\/wp-json\/wp\/v2\/posts"}],"about":[{"href":"https:\/\/www.cronacaonline.it\/index.php\/wp-json\/wp\/v2\/types\/post"}],"author":[{"embeddable":true,"href":"https:\/\/www.cronacaonline.it\/index.php\/wp-json\/wp\/v2\/users\/2"}],"replies":[{"embeddable":true,"href":"https:\/\/www.cronacaonline.it\/index.php\/wp-json\/wp\/v2\/comments?post=211671"}],"version-history":[{"count":1,"href":"https:\/\/www.cronacaonline.it\/index.php\/wp-json\/wp\/v2\/posts\/211671\/revisions"}],"predecessor-version":[{"id":211672,"href":"https:\/\/www.cronacaonline.it\/index.php\/wp-json\/wp\/v2\/posts\/211671\/revisions\/211672"}],"wp:featuredmedia":[{"embeddable":true,"href":"https:\/\/www.cronacaonline.it\/index.php\/wp-json\/wp\/v2\/media\/135569"}],"wp:attachment":[{"href":"https:\/\/www.cronacaonline.it\/index.php\/wp-json\/wp\/v2\/media?parent=211671"}],"wp:term":[{"taxonomy":"category","embeddable":true,"href":"https:\/\/www.cronacaonline.it\/index.php\/wp-json\/wp\/v2\/categories?post=211671"},{"taxonomy":"post_tag","embeddable":true,"href":"https:\/\/www.cronacaonline.it\/index.php\/wp-json\/wp\/v2\/tags?post=211671"}],"curies":[{"name":"wp","href":"https:\/\/api.w.org\/{rel}","templated":true}]}}