{"id":211667,"date":"2021-09-11T07:45:35","date_gmt":"2021-09-11T05:45:35","guid":{"rendered":"https:\/\/www.cronacaonline.it\/?p=211667"},"modified":"2021-09-11T07:45:36","modified_gmt":"2021-09-11T05:45:36","slug":"undici-settembre-2001-2021-a-ventanni-dal-disastro-delle-torri-gemelle-con-migliaia-di-morti-i-talebani-i-terroristi-ricercati-riprendono-il-potere-in-afghanistan-biden-appello-al","status":"publish","type":"post","link":"https:\/\/www.cronacaonline.it\/index.php\/2021\/09\/11\/undici-settembre-2001-2021-a-ventanni-dal-disastro-delle-torri-gemelle-con-migliaia-di-morti-i-talebani-i-terroristi-ricercati-riprendono-il-potere-in-afghanistan-biden-appello-al\/","title":{"rendered":"Undici settembre 2001-2021 \u2013 A vent\u2019anni dal disastro delle torri gemelle con migliaia di morti i talebani i terroristi ricercati riprendono il potere in Afghanistan. Biden, appello all&#8217;unit\u00e0: &#8220;per sconfiggere la paura&#8221;."},"content":{"rendered":"\n<p>Cagliari, 11 Sett 2021 - \"Nei giorni successivi all'11 settembre abbiamo visto qualcosa di molto raro: Un vero senso di unita' nazionale\". Il presidente degli Stati Uniti, Joe Biden, ha fatto appello all'unit\u00e0 nel suo Paese e a lasciarsi alle spalle la paura, in un videomessaggio registrato in occasione del ventesimo anniversario degli attentati dell'11 settembre. \"Per me, la lezione principale dell'11 settembre 2001 \u00e8 che, quando siamo pi\u00f9 vulnerabili, nel tiro alla fune che ci rende umani, nella battaglia per l'anima degli Stati Uniti, l'unit\u00e0 \u00e8 la nostra pi\u00f9 grande forza\", dice Biden nel video pubblicato sul suo account Twitter ufficiale.<\/p>\n\n\n\n<p>Biden ha intenzione di partecipare alle cerimonie di commemorazione oggi nei tre luoghi in cui sono avvenuti gli attacchi due decenni fa - New York, Shanksville (Pennsylvania) e il Pentagono - ma non rilascer\u00e0 dichiarazioni a quegli eventi, preferendo affidare il suo pensiero al video messaggio.<\/p>\n\n\n\n<figure class=\"wp-block-image size-large is-resized\"><img loading=\"lazy\" src=\"https:\/\/www.cronacaonline.it\/wp-content\/uploads\/2021\/09\/dalla-distruzione-delle-torri-gemelle-sono-passati-20-anni-e-i-terroristi-tornano-al-potere-in-afghanistan2.jpg\" alt=\"\" class=\"wp-image-211668\" width=\"746\" height=\"497\" srcset=\"https:\/\/www.cronacaonline.it\/wp-content\/uploads\/2021\/09\/dalla-distruzione-delle-torri-gemelle-sono-passati-20-anni-e-i-terroristi-tornano-al-potere-in-afghanistan2.jpg 600w, https:\/\/www.cronacaonline.it\/wp-content\/uploads\/2021\/09\/dalla-distruzione-delle-torri-gemelle-sono-passati-20-anni-e-i-terroristi-tornano-al-potere-in-afghanistan2-300x200.jpg 300w\" sizes=\"(max-width: 746px) 100vw, 746px\" \/><\/figure>\n\n\n\n<p>Parteciperanno anche gli ex presidenti George W. Bush e Barack Obama, riunendo tutti i leader statunitensi dell'era post 11 settembre, tranne l'ex presidente Donald Trump, che invece commenter\u00e0 un incontro di boxe.<\/p>\n\n\n\n<p>A Shanksville in Pennsylvania&nbsp;un memoriale ricorda il luogo dove uno dei quattro aerei dirottati si \u00e8 schiantato dopo che i passeggeri tentarono di riprendere il controllo del velivolo destinato a schiantarsi sul Campidoglio a Washington.<\/p>\n","protected":false},"excerpt":{"rendered":"<p>Cagliari, 11 Sett 2021 &#8211; &#8220;Nei giorni successivi all&#8217;11 settembre abbiamo visto qualcosa di molto raro: Un vero senso di unita&#8217; nazionale&#8221;. Il presidente degli&#8230;<\/p>\n","protected":false},"author":2,"featured_media":211669,"comment_status":"closed","ping_status":"open","sticky":false,"template":"","format":"standard","meta":[],"categories":[49,50],"tags":[],"_links":{"self":[{"href":"https:\/\/www.cronacaonline.it\/index.php\/wp-json\/wp\/v2\/posts\/211667"}],"collection":[{"href":"https:\/\/www.cronacaonline.it\/index.php\/wp-json\/wp\/v2\/posts"}],"about":[{"href":"https:\/\/www.cronacaonline.it\/index.php\/wp-json\/wp\/v2\/types\/post"}],"author":[{"embeddable":true,"href":"https:\/\/www.cronacaonline.it\/index.php\/wp-json\/wp\/v2\/users\/2"}],"replies":[{"embeddable":true,"href":"https:\/\/www.cronacaonline.it\/index.php\/wp-json\/wp\/v2\/comments?post=211667"}],"version-history":[{"count":1,"href":"https:\/\/www.cronacaonline.it\/index.php\/wp-json\/wp\/v2\/posts\/211667\/revisions"}],"predecessor-version":[{"id":211670,"href":"https:\/\/www.cronacaonline.it\/index.php\/wp-json\/wp\/v2\/posts\/211667\/revisions\/211670"}],"wp:featuredmedia":[{"embeddable":true,"href":"https:\/\/www.cronacaonline.it\/index.php\/wp-json\/wp\/v2\/media\/211669"}],"wp:attachment":[{"href":"https:\/\/www.cronacaonline.it\/index.php\/wp-json\/wp\/v2\/media?parent=211667"}],"wp:term":[{"taxonomy":"category","embeddable":true,"href":"https:\/\/www.cronacaonline.it\/index.php\/wp-json\/wp\/v2\/categories?post=211667"},{"taxonomy":"post_tag","embeddable":true,"href":"https:\/\/www.cronacaonline.it\/index.php\/wp-json\/wp\/v2\/tags?post=211667"}],"curies":[{"name":"wp","href":"https:\/\/api.w.org\/{rel}","templated":true}]}}