{"id":211662,"date":"2021-09-10T18:39:22","date_gmt":"2021-09-10T16:39:22","guid":{"rendered":"https:\/\/www.cronacaonline.it\/?p=211662"},"modified":"2021-09-10T18:39:23","modified_gmt":"2021-09-10T16:39:23","slug":"il-sindaco-truzzu-incontra-a-cagliari-lambasciatore-di-costa-rica-ronald-flores-vega","status":"publish","type":"post","link":"https:\/\/www.cronacaonline.it\/index.php\/2021\/09\/10\/il-sindaco-truzzu-incontra-a-cagliari-lambasciatore-di-costa-rica-ronald-flores-vega\/","title":{"rendered":"Il Sindaco Truzzu incontra a Cagliari l&#8217;Ambasciatore di Costa Rica Ronald Flores Vega."},"content":{"rendered":"\n<p>Cagliari, 10 Sett 2021 - Per la prima volta in Sardegna, il diplomatico ha voluto portare i suoi saluti al primo cittadino del capoluogo di regione. \u00c8 stato un lungo incontro conoscitivo sui tanti aspetti comuni dei due diversi paesi. Tra i temi trattati in particolare ci si \u00e8 soffermati sul trasporto urbano, la raccolta differenziata dei rifiuti e sul verde. L'Ambasciatore ha mostrato grande interesse per l'organizzazione del trasporto pubblico a Cagliari e per l'efficienza del CTM che gestisce il servizio. Il trasporto urbano in Costa Rica \u00e8 fortemente congestionato nelle citt\u00e0 anche a causa del fenomeno della concentrazione della popolazione che, caratteristica comune ai paesi dell'America latina, per l'80% risiede nei centri urbani. Altra forte criticit\u00e0 in quel paese \u00e8 rappresentata dalla gestione dei rifiuti, che non ha ancora un sistema di raccolta differenziata. Caratteristica comune invece la valorizzazione del verde pubblico, il forte interesse per l'ambiente e la sua tutela. Il sindaco Truzzu ha sottolineato come Cagliari sia la citt\u00e0 metropolitana che ha la pi\u00f9 alta percentuale di spazio verde in proporzione alla popolazione.<\/p>\n\n\n\n<p>La Repubblica di Costa Rica ha 5 milioni di abitanti su 51 Km quadrati ed \u00e8 diviso in 7 regioni. Un paese prevalentemente montuoso che non ha un suo esercito dal 1949, impegnando le risorse finanziarie sul sociale, l'educazione e la sanit\u00e0. E' non solo un produttore di caff\u00e8 e di frutta ma ha anche un importante ruolo nell'alta tecnologia farmaceutica.<\/p>\n\n\n\n<p>Ronald Flores Vega, nominato ambasciatore tre anni fa, \u00e8 un ingegnere civile, che ha ricoperto numerosi incarichi: professore universitario e consulente parlamentare. Vanta una Laurea Specialistica in Pianificazione Urbana all\u2019Universit\u00e0 degli Studi di Roma La Sapienza e un Master in Studi dello Sviluppo all\u2019Universit\u00e9 de Gen\u00e8ve.<\/p>\n\n\n\n<p>\u00c8 stato consulente del Progetto di Ecologia Urbana per il Centroamerica della Cooperazione Svizzera, consulente esterno della Banca Interamericana di Sviluppo (IDB) e ha rivestito vari ruoli nel Ministero delle Opere Pubbliche e dei Trasporti del Costa Rica.<\/p>\n\n\n\n<p>L\u2019Italia e il Costa Rica mantengono eccellenti relazioni diplomatiche da quasi cento anni. Questo stretto vincolo tra uno dei paesi pi\u00f9 ricchi di storia e cultura al mondo com\u2019\u00e8 l\u2019Italia, e una nazione ricca in biodiversit\u00e0 e bellezza paesaggistica com\u2019\u00e8 il Costa Rica, si \u00e8 sempre pi\u00f9 sviluppato con l\u2019aumento delle relazioni commerciali e turistiche, cos\u00ec come della cooperazione&nbsp;culturale ed accademica. Com<\/p>\n","protected":false},"excerpt":{"rendered":"<p>Cagliari, 10 Sett 2021 &#8211; Per la prima volta in Sardegna, il diplomatico ha voluto portare i suoi saluti al primo cittadino del capoluogo di&#8230;<\/p>\n","protected":false},"author":2,"featured_media":211663,"comment_status":"closed","ping_status":"open","sticky":false,"template":"","format":"standard","meta":[],"categories":[49,52],"tags":[],"_links":{"self":[{"href":"https:\/\/www.cronacaonline.it\/index.php\/wp-json\/wp\/v2\/posts\/211662"}],"collection":[{"href":"https:\/\/www.cronacaonline.it\/index.php\/wp-json\/wp\/v2\/posts"}],"about":[{"href":"https:\/\/www.cronacaonline.it\/index.php\/wp-json\/wp\/v2\/types\/post"}],"author":[{"embeddable":true,"href":"https:\/\/www.cronacaonline.it\/index.php\/wp-json\/wp\/v2\/users\/2"}],"replies":[{"embeddable":true,"href":"https:\/\/www.cronacaonline.it\/index.php\/wp-json\/wp\/v2\/comments?post=211662"}],"version-history":[{"count":1,"href":"https:\/\/www.cronacaonline.it\/index.php\/wp-json\/wp\/v2\/posts\/211662\/revisions"}],"predecessor-version":[{"id":211664,"href":"https:\/\/www.cronacaonline.it\/index.php\/wp-json\/wp\/v2\/posts\/211662\/revisions\/211664"}],"wp:featuredmedia":[{"embeddable":true,"href":"https:\/\/www.cronacaonline.it\/index.php\/wp-json\/wp\/v2\/media\/211663"}],"wp:attachment":[{"href":"https:\/\/www.cronacaonline.it\/index.php\/wp-json\/wp\/v2\/media?parent=211662"}],"wp:term":[{"taxonomy":"category","embeddable":true,"href":"https:\/\/www.cronacaonline.it\/index.php\/wp-json\/wp\/v2\/categories?post=211662"},{"taxonomy":"post_tag","embeddable":true,"href":"https:\/\/www.cronacaonline.it\/index.php\/wp-json\/wp\/v2\/tags?post=211662"}],"curies":[{"name":"wp","href":"https:\/\/api.w.org\/{rel}","templated":true}]}}