{"id":211625,"date":"2021-09-10T09:48:06","date_gmt":"2021-09-10T07:48:06","guid":{"rendered":"https:\/\/www.cronacaonline.it\/?p=211625"},"modified":"2021-09-10T09:48:07","modified_gmt":"2021-09-10T07:48:07","slug":"covid-iss-regioni-a-rischio-moderato-da-17-a-3-rt-in-calo-a-092-la-variante-delta","status":"publish","type":"post","link":"https:\/\/www.cronacaonline.it\/index.php\/2021\/09\/10\/covid-iss-regioni-a-rischio-moderato-da-17-a-3-rt-in-calo-a-092-la-variante-delta\/","title":{"rendered":"Covid. Iss, regioni a rischio moderato da 17 a 3. Rt in calo a 0,92 La variante delta."},"content":{"rendered":"\n<p>Roma, 10 Sett 2021 - Tre Regioni e Province autonome - Friuli Venezia Giulia, Lombardia e Provincia autonoma di Bolzano - risultano classificate a rischio moderato questa settimana. Le restanti 18 Regioni\/Province autonome risultano classificate a rischio basso. La scorsa settimana erano invece 17 le Regioni a rischio moderato.<\/p>\n\n\n\n<p>Questo \u00e8 quanto emerge dalla bozza di monitoraggio settimanale attualmente all'esame della Cabina di regia. Solo una la Provincia autonoma di Bolzano riporta un'allerta segnalata. Nessuna riporta molteplici allerte di resilienza.<\/p>\n\n\n\n<p>Continua a scendere, nel periodo 18 - 31 agosto 2021, l'Rt medio nazionale calcolato sui casi sintomatici di Covid che \u00e8 stato pari a 0,92 (gamma 0,79 -1,02), al di sotto della soglia epidemica. La settimana precedente registrava un valore pari a 0.97. Scende anche l'incidenza dei casi ogni 100 mila abitanti (ed \u00e8 questo uno degli indicatori decisionali chiave per le eventuali misure) che passa, nel valore nazionale, da 74 della scorsa settimana a 64 di quest'ultima (periodo 3-9 settembre).<\/p>\n\n\n\n<p>Aumentano i ricoveri di malati di Covid nelle terapie intensive e nelle aree mediche. Il tasso di occupazione in terapia intensiva \u00e8 ancora in lieve aumento al 6,2% (rilevazione giornaliera Ministero della Salute) rispetto al 5,7 della settimana scorsa. Il dato aggiornato al 7 settembre, contenuto nella scheda sugli indicatori decisionali di accompagno al monitoraggio settimanale Iss-Ministero della Salute segna invece 5,6. Aumentano le persone ricoverate in intensiva da 544 (31\/08\/2021) a 563 (7\/09\/2021). L'occupazione in aree mediche a livello nazionale aumenta leggermente da 7.3% a 7,4%: da 4.252 ricoverati il 31 agosto a 4.307 il 7.<\/p>\n\n\n\n<p>La circolazione della variante delta \"\u00e8 prevalente in Italia. Questa variante \u00e8 dominante nell'Unione Europea ed \u00e8 associata a un aumento nel numero di nuovi casi di infezione anche in altri paesi con alta copertura vaccinale. Una pi\u00f9 elevata copertura vaccinale e il completamento dei cicli di vaccinazione rappresentano gli strumenti principali per prevenire ulteriori recrudescenze di episodi di aumentata circolazione del virus sostenuta da varianti emergenti con maggiore trasmissibilit\u00e0\". \u00c8 quanto si legge nella bozza del report settimanale di monitoraggio di ministero della Salute e Iss, secondo cui \"\u00e8 opportuno realizzare un capillare tracciamento e contenimento dei casi, mantenere elevata l'attenzione e applicare e rispettare misure e comportamenti per limitare l'ulteriore aumento della circolazione virale\".<\/p>\n","protected":false},"excerpt":{"rendered":"<p>Roma, 10 Sett 2021 &#8211; Tre Regioni e Province autonome &#8211; Friuli Venezia Giulia, Lombardia e Provincia autonoma di Bolzano &#8211; risultano classificate a rischio&#8230;<\/p>\n","protected":false},"author":2,"featured_media":189471,"comment_status":"closed","ping_status":"open","sticky":false,"template":"","format":"standard","meta":[],"categories":[49,51],"tags":[],"_links":{"self":[{"href":"https:\/\/www.cronacaonline.it\/index.php\/wp-json\/wp\/v2\/posts\/211625"}],"collection":[{"href":"https:\/\/www.cronacaonline.it\/index.php\/wp-json\/wp\/v2\/posts"}],"about":[{"href":"https:\/\/www.cronacaonline.it\/index.php\/wp-json\/wp\/v2\/types\/post"}],"author":[{"embeddable":true,"href":"https:\/\/www.cronacaonline.it\/index.php\/wp-json\/wp\/v2\/users\/2"}],"replies":[{"embeddable":true,"href":"https:\/\/www.cronacaonline.it\/index.php\/wp-json\/wp\/v2\/comments?post=211625"}],"version-history":[{"count":1,"href":"https:\/\/www.cronacaonline.it\/index.php\/wp-json\/wp\/v2\/posts\/211625\/revisions"}],"predecessor-version":[{"id":211626,"href":"https:\/\/www.cronacaonline.it\/index.php\/wp-json\/wp\/v2\/posts\/211625\/revisions\/211626"}],"wp:featuredmedia":[{"embeddable":true,"href":"https:\/\/www.cronacaonline.it\/index.php\/wp-json\/wp\/v2\/media\/189471"}],"wp:attachment":[{"href":"https:\/\/www.cronacaonline.it\/index.php\/wp-json\/wp\/v2\/media?parent=211625"}],"wp:term":[{"taxonomy":"category","embeddable":true,"href":"https:\/\/www.cronacaonline.it\/index.php\/wp-json\/wp\/v2\/categories?post=211625"},{"taxonomy":"post_tag","embeddable":true,"href":"https:\/\/www.cronacaonline.it\/index.php\/wp-json\/wp\/v2\/tags?post=211625"}],"curies":[{"name":"wp","href":"https:\/\/api.w.org\/{rel}","templated":true}]}}