{"id":211611,"date":"2021-09-09T15:03:04","date_gmt":"2021-09-09T13:03:04","guid":{"rendered":"https:\/\/www.cronacaonline.it\/?p=211611"},"modified":"2021-09-09T15:03:05","modified_gmt":"2021-09-09T13:03:05","slug":"via-libera-della-camera-al-decreto-sul-green-pass-draghi-in-cdm-a-breve-estensione-piu-ampia","status":"publish","type":"post","link":"https:\/\/www.cronacaonline.it\/index.php\/2021\/09\/09\/via-libera-della-camera-al-decreto-sul-green-pass-draghi-in-cdm-a-breve-estensione-piu-ampia\/","title":{"rendered":"Via libera della Camera al decreto sul Green pass. Draghi in Cdm: a breve estensione pi\u00f9 ampia."},"content":{"rendered":"\n<p>Roma, 9 Sett 2021 - \"Dal governo e dalle Regioni c'\u00e8 stato uno sforzo\u00a0straordinario\" sul fronte del potenziamento del trasporto pubblico locale in\u00a0vista della ripresa della scuola e \"chi pensa che tutto sia come lo scorso anno,\u00a0sbaglia\". A dirlo il ministro delle Infrastrutture e della mobilit\u00e0\u00a0sostenibile, Enrico Giovannini, secondo cui esecutivo e istituzioni locali si\u00a0sono mossi secondo quattro linee guida: potenziamento dell'offerta,\u00a0distribuzione della domanda, regole di funzionamento e riforma del trasporto\u00a0pubblico locale, che \u00e8 \"ormai ineludibile\". I lavori per l'autunno, ha indicato\u00a0in audizione presso la Commissione Trasporti, sono \"iniziati a marzo\", con un\u00a0potenziamento dei fondi. Il ministro poi ha sottolineato che \"la\u00a0riforma del Trasporto pubblico locale \u00e8 ormai\u00a0ineludibile\"\u00a0aggiungendo\u00a0che \"abbiamo bisogno di pensare una profonda riforma\".<\/p>\n\n\n\n<p>E a conferma che non \"\u00e8 tutto come lo scorso anno\" ecco i dati illustrati dal ministro. I&nbsp;servizi aggiuntivi previsti per la seconda parte dell'anno&nbsp;in corso \"sono superiori del 9,3% a quelli rendicontati nel primo&nbsp;semestre\", segnala il titolare del MIMS, e \"il numero di mezzi&nbsp;dedicati ai servizi aggiuntivi per il secondo semestre 2021 \u00e8&nbsp;pari a 5.703\".&nbsp;Nel primo semestre 2021, \"sulla base della rendicontazione&nbsp;fornita dalle Regioni\/Province Autonome, risultano effettuati al&nbsp;30 giugno 2021 servizi aggiuntivi per complessive 40.631.790,36&nbsp;vetture\/km - rileva Giovannini - In termini percentuali, i servizi&nbsp;aggiuntivi hanno determinato un aumento medio giornaliero del&nbsp;4,2% dell'offerta di trasporto\". Sulla base dei dati forniti&nbsp;dalle Regioni\/Province Autonome e da Trenitalia, \"si stima un&nbsp;aumento dei servizi negli orari 'di punta' pari al 10% sui treni&nbsp;e al 15%-20% sui mezzi del Tpl\", aggiunge.<\/p>\n\n\n\n<p>\"I rischi di assembramento sono considerati&nbsp;maggiori in uscita dalle scuole che in ingresso - ha illustrato ancora il ministro - A Bari, Cagliari,&nbsp;Genova, Milano, Napoli, Roma, Venezia, sono previste fasce diverse&nbsp;di entrata e uscita, in alcuni casi Bologna, Palermo, Reggio&nbsp;Calabria, Potenza e Torino, non sono previste differenze di&nbsp;orario. Questo quadro ci dice che non dobbiamo guardare solo al&nbsp;numero di mezzi o di servizi aggiuntivi messi in campo, in realt\u00e0&nbsp;gli strumenti sono due: la differenziazione di orario e la&nbsp;quantit\u00e0 di mezzi messi in campo\". E a proposito della riapertura delle scuole Giovannini tiene a sottolineare:&nbsp;\"Oggi incontriamo parti sociali per&nbsp;l'aggiornamento delle linee guida sulla sicurezza dei lavoratori\"&nbsp;per quel che riguarda le misure da mettere in campo con&nbsp;riferimento all'emergenza sanitaria\".<\/p>\n\n\n\n<p>Per quanto riguarda il Green Pass, Giovannini ricorda che \"giornalmente il 99,8% dei passeggeri dei treni a&nbsp;lunga percorrenza esibisce lo esibisce al momento del controllo a bordo\". E sui&nbsp;treni a lunga percorrenza \"le violazioni sono nell'ordine&nbsp;di poche decine, meno di 100 al giorno su tutta la rete&nbsp;nazionale\". Sul fronte del rafforzamento delle operazioni di controllo per il trasporto pubblico locale, il ministro dei Trasporti spiega che \"solo sei regioni hanno previsto costi aggiuntivi. Alcune&nbsp;Regioni e province autonome hanno comunicato invece che l'analisi del&nbsp;potenziamento dei controlli \u00e8 ancora in corso. \"Siamo in contatto con i Prefetti delle&nbsp;Citt\u00e0 metropolitane non solo per monitorare ci\u00f2 che succede, ma anche&nbsp;per capire se alcune delle criticit\u00e0 che ci stanno segnalando saranno&nbsp;superate. Per questo avremo un monitoraggio settimanale\".&nbsp;E aggiunge:&nbsp;\"Nessuno, n\u00e9 gli Enti locali e neppure il Governo,&nbsp;ha mai immaginato di poter avere dei controllori su tutti i mezzi pubblici\" nel&nbsp;Trasporto pubblico locale.<\/p>\n\n\n\n<p>\"tavolo specifico\" dedicato alla&nbsp;sicurezza dei controllori e degli autisti del Trasporto pubblico locale ricorda poi il ministro&nbsp;con i sindacati si terr\u00e0 il 15 settembre\", mentre \"il 20&nbsp;ci incontreremo per una prima valutazione sull'attuazione delle&nbsp;linee guida aggiornate\".&nbsp;Controllori e autisti del Tpl, lamenta Giovannini, che sono&nbsp;stati \"oggetto di violenze sia prima del Covid sia durante\".<\/p>\n\n\n\n<p>Nella&nbsp;seconda parte del 2021 il Governo distribuir\u00e0 alle Regioni&nbsp;altri 1.418 milioni per finanziare servizi aggiuntivi e&nbsp;compensazione dei minori ricavi nel settore del trasporto&nbsp;pubblico locale (Tpl) spiega il ministro.&nbsp;Una quota di 618 milioni servir\u00e0 a finanziare&nbsp;servizi aggiuntivi dice ancora il ministro.<\/p>\n\n\n\n<p>\"In autunno \u00e8 previsto un calo per spostamenti&nbsp;di studio e lavoro, \u00e8 prevista una diminuzione dell'uso del mezzo&nbsp;pubblico, \u00e8 previsto un aumento del ricorso all'auto privata, il&nbsp;Covid ha un ruolo importante nel determinare queste scelte\" ha ricordato inoltre&nbsp;il ministro delle Infrastrutture e della mobilit\u00e0&nbsp;sostenibili che ricorda come non decolla la \"mobilit\u00e0 dolce\". \"C'\u00e8 un calo fortissimo nelle&nbsp;attese di spostamento\" ha aggiunto \"tra le preferenze nell'uso di&nbsp;certi mezzi si attende una caduta di circa il 20% nell'utilizzo&nbsp;del mezzo pubblico, tra il prima e il dopo pandemia, con un&nbsp;parallelo incremento dell'uso dell'auto privata\".<\/p>\n","protected":false},"excerpt":{"rendered":"<p>Roma, 9 Sett 2021 &#8211; &#8220;Dal governo e dalle Regioni c&#8217;\u00e8 stato uno sforzo\u00a0straordinario&#8221; sul fronte del potenziamento del trasporto pubblico locale in\u00a0vista della ripresa&#8230;<\/p>\n","protected":false},"author":2,"featured_media":211588,"comment_status":"closed","ping_status":"open","sticky":false,"template":"","format":"standard","meta":[],"categories":[49,50],"tags":[],"_links":{"self":[{"href":"https:\/\/www.cronacaonline.it\/index.php\/wp-json\/wp\/v2\/posts\/211611"}],"collection":[{"href":"https:\/\/www.cronacaonline.it\/index.php\/wp-json\/wp\/v2\/posts"}],"about":[{"href":"https:\/\/www.cronacaonline.it\/index.php\/wp-json\/wp\/v2\/types\/post"}],"author":[{"embeddable":true,"href":"https:\/\/www.cronacaonline.it\/index.php\/wp-json\/wp\/v2\/users\/2"}],"replies":[{"embeddable":true,"href":"https:\/\/www.cronacaonline.it\/index.php\/wp-json\/wp\/v2\/comments?post=211611"}],"version-history":[{"count":1,"href":"https:\/\/www.cronacaonline.it\/index.php\/wp-json\/wp\/v2\/posts\/211611\/revisions"}],"predecessor-version":[{"id":211612,"href":"https:\/\/www.cronacaonline.it\/index.php\/wp-json\/wp\/v2\/posts\/211611\/revisions\/211612"}],"wp:featuredmedia":[{"embeddable":true,"href":"https:\/\/www.cronacaonline.it\/index.php\/wp-json\/wp\/v2\/media\/211588"}],"wp:attachment":[{"href":"https:\/\/www.cronacaonline.it\/index.php\/wp-json\/wp\/v2\/media?parent=211611"}],"wp:term":[{"taxonomy":"category","embeddable":true,"href":"https:\/\/www.cronacaonline.it\/index.php\/wp-json\/wp\/v2\/categories?post=211611"},{"taxonomy":"post_tag","embeddable":true,"href":"https:\/\/www.cronacaonline.it\/index.php\/wp-json\/wp\/v2\/tags?post=211611"}],"curies":[{"name":"wp","href":"https:\/\/api.w.org\/{rel}","templated":true}]}}