{"id":211598,"date":"2021-09-09T14:33:32","date_gmt":"2021-09-09T12:33:32","guid":{"rendered":"https:\/\/www.cronacaonline.it\/?p=211598"},"modified":"2021-09-09T14:33:33","modified_gmt":"2021-09-09T12:33:33","slug":"consiglio-sardegna-in-commissione-ambiente-sardegna-2030-la-strategia-per-lo-sviluppo-sostenibile","status":"publish","type":"post","link":"https:\/\/www.cronacaonline.it\/index.php\/2021\/09\/09\/consiglio-sardegna-in-commissione-ambiente-sardegna-2030-la-strategia-per-lo-sviluppo-sostenibile\/","title":{"rendered":"Consiglio Sardegna &#8211; In commissione Ambiente \u201cSardegna 2030 \u2013 la strategia per lo sviluppo sostenibile\u201d."},"content":{"rendered":"\n<p>Cagliari, 9 Sett 2021 - L\u2019assessore Gianni Lampis ha presentato questa mattina alla commissione Ambiente del Consiglio regionale il documento preliminare \u201cCostruiamo insieme Sardegna 2030\u201d, cio\u00e8 la strategia regionale per lo sviluppo sostenibile. L\u2019esponente della Giunta ha spiegato che \u201cil lavoro era gi\u00e0 iniziato con la coda della precedente legislatura ed \u00e8 fortemente proseguito in questi ultimi anni. La Sardegna \u00e8 molto avanti in questa progettazione, guida le altre regioni italiane e precede anche la Lombardia\u201d. Due distinti accordi con il Governo nazionale finanziano lo studio, che in parte \u00e8 svolto dalle Universit\u00e0 di Cagliari e Sassari, soprattutto sui temi del cambiamento del clima e della transizione ecologica.\u00a0<\/p>\n\n\n\n<p>Per l\u2019assessore Lampis (accompagnato dal direttore generale Luca Cocco, guida tecnica della strategia) gli assi di sviluppo della strategia sono declinati cos\u00ec: Sardegna pi\u00f9 intelligente, pi\u00f9 verde, pi\u00f9 connessa, pi\u00f9 sociale e pi\u00f9 vicina. \u201cOgni ambito \u00e8 connesso agli altri e non pu\u00f2 prescindere, in vista del documento finale, da tutte le politiche che la Regione ha in atto o sta pianificando\u201d.<\/p>\n\n\n\n<p>Per il direttore Cocco \u201cgli obiettivi dello sviluppo sostenibile devono essere messi al centro anche dell\u2019azione amministrativa della macchina regionale, senza dimenticare che le giovani generazioni sono native digitali ma anche native ambientali, nel senso che hanno un sensibilit\u00e0 che invece la generazione che oggi in Sardegna, dal punto di vista politico e amministrativo, decide non sembra invece avere\u201d. Com<\/p>\n","protected":false},"excerpt":{"rendered":"<p>Cagliari, 9 Sett 2021 &#8211; L\u2019assessore Gianni Lampis ha presentato questa mattina alla commissione Ambiente del Consiglio regionale il documento preliminare \u201cCostruiamo insieme Sardegna 2030\u201d,&#8230;<\/p>\n","protected":false},"author":2,"featured_media":211599,"comment_status":"closed","ping_status":"open","sticky":false,"template":"","format":"standard","meta":[],"categories":[49,52],"tags":[],"_links":{"self":[{"href":"https:\/\/www.cronacaonline.it\/index.php\/wp-json\/wp\/v2\/posts\/211598"}],"collection":[{"href":"https:\/\/www.cronacaonline.it\/index.php\/wp-json\/wp\/v2\/posts"}],"about":[{"href":"https:\/\/www.cronacaonline.it\/index.php\/wp-json\/wp\/v2\/types\/post"}],"author":[{"embeddable":true,"href":"https:\/\/www.cronacaonline.it\/index.php\/wp-json\/wp\/v2\/users\/2"}],"replies":[{"embeddable":true,"href":"https:\/\/www.cronacaonline.it\/index.php\/wp-json\/wp\/v2\/comments?post=211598"}],"version-history":[{"count":1,"href":"https:\/\/www.cronacaonline.it\/index.php\/wp-json\/wp\/v2\/posts\/211598\/revisions"}],"predecessor-version":[{"id":211600,"href":"https:\/\/www.cronacaonline.it\/index.php\/wp-json\/wp\/v2\/posts\/211598\/revisions\/211600"}],"wp:featuredmedia":[{"embeddable":true,"href":"https:\/\/www.cronacaonline.it\/index.php\/wp-json\/wp\/v2\/media\/211599"}],"wp:attachment":[{"href":"https:\/\/www.cronacaonline.it\/index.php\/wp-json\/wp\/v2\/media?parent=211598"}],"wp:term":[{"taxonomy":"category","embeddable":true,"href":"https:\/\/www.cronacaonline.it\/index.php\/wp-json\/wp\/v2\/categories?post=211598"},{"taxonomy":"post_tag","embeddable":true,"href":"https:\/\/www.cronacaonline.it\/index.php\/wp-json\/wp\/v2\/tags?post=211598"}],"curies":[{"name":"wp","href":"https:\/\/api.w.org\/{rel}","templated":true}]}}