{"id":211558,"date":"2021-09-08T09:56:56","date_gmt":"2021-09-08T07:56:56","guid":{"rendered":"https:\/\/www.cronacaonline.it\/?p=211558"},"modified":"2021-09-08T09:56:57","modified_gmt":"2021-09-08T07:56:57","slug":"passaggio-verde-green-pass-il-governo-accelera-verso-il-consiglio-dei-ministri-di-domani-pd-e-m5s-contro-lega-incoerente","status":"publish","type":"post","link":"https:\/\/www.cronacaonline.it\/index.php\/2021\/09\/08\/passaggio-verde-green-pass-il-governo-accelera-verso-il-consiglio-dei-ministri-di-domani-pd-e-m5s-contro-lega-incoerente\/","title":{"rendered":"Passaggio Verde (Green pass): il governo accelera verso il Consiglio dei Ministri di domani. Pd e M5s contro Lega: &#8220;incoerente&#8221;."},"content":{"rendered":"\n<p>Roma, 8 Sett 2021 - Tecnici al lavoro sul dl Green pass, che potrebbe arrivare in Consiglio dei ministri gi\u00e0 gioved\u00ec di questa settimana, dopo un passaggio, come di prassi, in cabina di regia per sciogliere i nodi rimasti sul tavolo. Il condizionale \u00e8 d'obbligo.<\/p>\n\n\n\n<p>Il dl, riferiscono diverse fonti, dovrebbe essere unico e coinvolgere i dipendenti della pubblica amministrazione e i lavoratori del settore privato. Mentre sul fronte tamponi gratuiti, tema caro alla Lega, questi dovrebbero essere previsti solo per alcune e risicate categorie. Ma non mancano le tensioni anche in seno al governo.<\/p>\n\n\n\n<p>Riprende alle 9.30 nell'Aula&nbsp;della Camera l'esame del decreto legge Covid che contiene le&nbsp;norme sul Green pass, proroga a fine anno lo stato di emergenza&nbsp;nazionale e rivede i parametri sanitari per il passaggio di&nbsp;colore nelle regioni del paese. Il testo, che dovr\u00e0 essere&nbsp;discusso anche dal Senato, scade prossimo il 21 settembre. Rimangono da votare ancora una ventina di emendamenti, alcuni&nbsp;a scrutinio segreto.<\/p>\n\n\n\n<p>Duro attacco di Pd e M5s alla Lega, dopo il voto alla camera sugli emendamenti al decreto Green pass. \"Non alcuni esponenti ma, come&nbsp;dimostrano i numeri, tutta la Lega ha votato l'emendamento di FdI e quindi contro il governo. 134 voti sono in pratica la&nbsp;somma dei loro voti pi\u00f9 quelli dell'opposizione. Irresponsabilit\u00e0 e incoerenza nei confronti del governo sono&nbsp;evidentemente le caratteristiche scelte da Salvini e dai suoi&nbsp;quando si affrontano gli argomenti pi\u00f9 delicati per i&nbsp;cittadini\". Lo afferma Emanuele Fiano del Pd riferendosi al voto&nbsp;nell'Aula della Camera sulla norma relativa al Green pass nel dl Covid.<\/p>\n\n\n\n<p>\"Salvini dice che il governo non rischia, ma qui rischia la coerenza e per me in politica conta, esattamente come i numeri. Se c'\u00e8 un partito della maggioranza che in Cdm non alza la mano sul Green pass e lo approva, poi vota per un emendamento soppressivo, c'\u00e8 un problema di coerenza. Noi siamo qui, non la Lega, a difendere quanto votato dal Cdm, altri no, li rispetto, ma non rispetto l'incoerenza e fuori di qui gli italiani vogliono sapere se c'\u00e8 una maggioranza di governo coerente o no. Stare in maggioranza non \u00e8 un gioco, o da una parte o dall'altra\", ha concluso.<\/p>\n\n\n\n<p>Anche M5s, con il capogruppo Davide Crippa, ha osservato: \"Per la prima volta oggi si \u00e8 palesato in Aula un voto di appoggio da parte di una forza di maggioranza ad un emendamento presentato dall'opposizione. Ma c'\u00e8 una questione di coerenza: in Cdm avete approvato il provvedimento e poi in Parlamento appoggiate un emendamento che chiede l'abolizione del green pass. Dovete chiarire agli italiani da che parte state. \u00c8 il disconoscendo della linea del governo: questa \u00e8 la linea di Salvini o di Giorgetti? Qualcuno ce lo pu\u00f2 spiegare?\"<\/p>\n\n\n\n<p>Mentre proseguono l'esame e i voti sul provvedimento, nel cortile di Montecitorio sono diversi i capannelli di sfogo tra deputati e dirigenti. \u201c\u00c8 una linea incomprensibile. La stragrande maggioranza degli italiani \u00e8 a favore dei vaccini e del green pass. Perch\u00e9 dobbiamo minacciare di votare contro o astenerci? Perch\u00e9 continuare a inseguire FdI per un pugno di voti?\".<\/p>\n\n\n\n<p>&nbsp;La critica non investe esplicitamente il segretario ma si racconta, con sorpresa, lo sgomento di molti quando Salvini, ieri, durante la riunione del consiglio federale, ha difeso la scelta di affidare questa partita a Borghi.<\/p>\n\n\n\n<p>La Lega - dice Salvini - vota alcuni emendamenti di Fratelli d'Italia al decreto, per\u00f2 garantisce che questo determina \"zero\" rischi per la tenuta del governo. \"Non penso - spiega il segretario della Lega - che il governo dipenda dal fatto che uno voglia andare al ristorante a mangiarsi la pizza con o senza il green pass. Penso che il governo abbia altre sfide ben pi\u00f9 ambiziose rispetto a queste\".<\/p>\n\n\n\n<p>La Lega ha ritirato gli emendamenti al decreto sul green pass, aggiunge Salvini, \"perch\u00e9 altrimenti il governo avrebbe messo la fiducia e non ci sarebbe stato neanche dibattito in Parlamento e quindi non ci sarebbe stata neanche la possibilit\u00e0 di discutere un singolo emendamento, mentre ora si stanno discutendo gli emendamenti sui ristoranti, sulle attivit\u00e0 culturali e sui tamponi gratuiti\", soprattutto \"per le famiglie e le scuole\", dove i test rapidi gratis \"sarebbero una garanzia, perch\u00e9 io non vorrei che le scuole riaprissero e chiudessero dopo poco\".<\/p>\n\n\n\n<p>\"Sul green pass chiediamo chiarezza: non si pu\u00f2 stare nella maggioranza e contemporaneamente nell'opposizione. Dalla Lega ho trovato un atteggiamento gravissimo, irresponsabile. La Lega non ha cuore la salute degli italiani e non \u00e8 partner di Governo affidabile\". Cos\u00ec Enrico Letta, segretario del Pd, a margine di un incontro elettorale.<\/p>\n\n\n\n<p>Green pass obbligatorio per decine di categorie di lavoratori, operai compresi, ma con il nodo sui costi dei tamponi non \u00e8 ancora sciolto. Dopo aver incassato la certezza per il voto al decreto legge sull'emergenza Covid senza la necessit\u00e0 di apporre la fiducia, il Governo punta ad estendere l'utilizzo del certificato a dipendenti della pubblica amministrazione e aziende. Restano per\u00f2 una serie di questioni da risolvere sul piano pratico e politico, in vista di un eventuale Cdm gioved\u00ec prossimo: l'idea \u00e8 di raggiungere la sintesi in un nuovo decreto legge composto di un solo articolo, che dovrebbe prevedere l'estensione del lasciapassare ai dipendenti della Pubblica amministrazione e del settore privato.<\/p>\n\n\n\n<p>Nonostante il pressing di Confindustria, dall'Esecutivo trapela che - esclusi i fragili - il costo dei tamponi non sar\u00e0 coperto dallo Stato non solo perch\u00e9 a pagarli non dovr\u00e0 essere la collettivit\u00e0 ma perch\u00e9 ci\u00f2 costituirebbe un forte disincentivo alla vaccinazione. Il tutto in attesa del monitoraggio di venerd\u00ec prossimo che potrebbe annunciare la nuova stretta in Sardegna, sempre pi\u00f9 in bilico tra la zona bianca e quella gialla, viste le alte percentuali sull'occupazione dei posti letto per Covid.<\/p>\n\n\n\n<p>Anche se i dati sono al momento stabili, lo sguardo dell'Esecutivo \u00e8 rivolto all'autunno e ai rischi di una nuova ondata. Archiviata la questione sul voto in Parlamento al primo decreto di fine luglio che ha introdotto il Green pass - tutti i partiti della maggioranza, compresa la Lega, hanno ritirato gli emendamenti al dl all'esame della Camera - il Governo \u00e8 pronto al nuovo provvedimento, anche alla luce delle intese tra sindacati e Confindustria in queste ore: il certificato verde, probabilmente da ottobre, sar\u00e0 necessario per dipendenti statali e privati.&nbsp;<\/p>\n","protected":false},"excerpt":{"rendered":"<p>Roma, 8 Sett 2021 &#8211; Tecnici al lavoro sul dl Green pass, che potrebbe arrivare in Consiglio dei ministri gi\u00e0 gioved\u00ec di questa settimana, dopo&#8230;<\/p>\n","protected":false},"author":2,"featured_media":11965,"comment_status":"closed","ping_status":"open","sticky":false,"template":"","format":"standard","meta":[],"categories":[49,50],"tags":[],"_links":{"self":[{"href":"https:\/\/www.cronacaonline.it\/index.php\/wp-json\/wp\/v2\/posts\/211558"}],"collection":[{"href":"https:\/\/www.cronacaonline.it\/index.php\/wp-json\/wp\/v2\/posts"}],"about":[{"href":"https:\/\/www.cronacaonline.it\/index.php\/wp-json\/wp\/v2\/types\/post"}],"author":[{"embeddable":true,"href":"https:\/\/www.cronacaonline.it\/index.php\/wp-json\/wp\/v2\/users\/2"}],"replies":[{"embeddable":true,"href":"https:\/\/www.cronacaonline.it\/index.php\/wp-json\/wp\/v2\/comments?post=211558"}],"version-history":[{"count":1,"href":"https:\/\/www.cronacaonline.it\/index.php\/wp-json\/wp\/v2\/posts\/211558\/revisions"}],"predecessor-version":[{"id":211559,"href":"https:\/\/www.cronacaonline.it\/index.php\/wp-json\/wp\/v2\/posts\/211558\/revisions\/211559"}],"wp:featuredmedia":[{"embeddable":true,"href":"https:\/\/www.cronacaonline.it\/index.php\/wp-json\/wp\/v2\/media\/11965"}],"wp:attachment":[{"href":"https:\/\/www.cronacaonline.it\/index.php\/wp-json\/wp\/v2\/media?parent=211558"}],"wp:term":[{"taxonomy":"category","embeddable":true,"href":"https:\/\/www.cronacaonline.it\/index.php\/wp-json\/wp\/v2\/categories?post=211558"},{"taxonomy":"post_tag","embeddable":true,"href":"https:\/\/www.cronacaonline.it\/index.php\/wp-json\/wp\/v2\/tags?post=211558"}],"curies":[{"name":"wp","href":"https:\/\/api.w.org\/{rel}","templated":true}]}}