{"id":211556,"date":"2021-09-07T19:24:07","date_gmt":"2021-09-07T17:24:07","guid":{"rendered":"https:\/\/www.cronacaonline.it\/?p=211556"},"modified":"2021-09-07T19:24:08","modified_gmt":"2021-09-07T17:24:08","slug":"la-regione-integra-i-contributi-ai-comuni-per-la-sicurezza-delle-spiagge-245-mila-euro-per-prorogare-gli-interventi-di-salvamento-a-mare","status":"publish","type":"post","link":"https:\/\/www.cronacaonline.it\/index.php\/2021\/09\/07\/la-regione-integra-i-contributi-ai-comuni-per-la-sicurezza-delle-spiagge-245-mila-euro-per-prorogare-gli-interventi-di-salvamento-a-mare\/","title":{"rendered":"La regione integra i contributi ai comuni per la sicurezza delle spiagge. 245 mila euro per prorogare gli interventi di salvamento a mare."},"content":{"rendered":"\n<p>Cagliari, 7 Sett 2021- Un nuovo contributo ai Comuni per le attivit\u00e0 di salvamento a mare \u00e8 stato stabilito dalla Giunta Regionale. Vengono assegnati 245 mila euro, che si sommano al milione di euro gi\u00e0 stanziato nei mesi scorsi, prima dell\u2019avvio della stagione balneare.\u00a0<\/p>\n\n\n\n<p>Lo rende noto l\u2019assessore regionale alla difesa dell\u2019Ambiente, Gianni Lampis.&nbsp;<\/p>\n\n\n\n<p>I Comuni che ne beneficeranno, dopo avere fatto richiesta alla Direzione Generale della Protezione Civile, potranno potenziare ed estendere il servizio sulle spiagge, per una maggiore sicurezza dei bagnanti.<\/p>\n","protected":false},"excerpt":{"rendered":"<p>Cagliari, 7 Sett 2021- Un nuovo contributo ai Comuni per le attivit\u00e0 di salvamento a mare \u00e8 stato stabilito dalla Giunta Regionale. Vengono assegnati 245&#8230;<\/p>\n","protected":false},"author":2,"featured_media":201497,"comment_status":"closed","ping_status":"open","sticky":false,"template":"","format":"standard","meta":[],"categories":[49,52],"tags":[],"_links":{"self":[{"href":"https:\/\/www.cronacaonline.it\/index.php\/wp-json\/wp\/v2\/posts\/211556"}],"collection":[{"href":"https:\/\/www.cronacaonline.it\/index.php\/wp-json\/wp\/v2\/posts"}],"about":[{"href":"https:\/\/www.cronacaonline.it\/index.php\/wp-json\/wp\/v2\/types\/post"}],"author":[{"embeddable":true,"href":"https:\/\/www.cronacaonline.it\/index.php\/wp-json\/wp\/v2\/users\/2"}],"replies":[{"embeddable":true,"href":"https:\/\/www.cronacaonline.it\/index.php\/wp-json\/wp\/v2\/comments?post=211556"}],"version-history":[{"count":1,"href":"https:\/\/www.cronacaonline.it\/index.php\/wp-json\/wp\/v2\/posts\/211556\/revisions"}],"predecessor-version":[{"id":211557,"href":"https:\/\/www.cronacaonline.it\/index.php\/wp-json\/wp\/v2\/posts\/211556\/revisions\/211557"}],"wp:featuredmedia":[{"embeddable":true,"href":"https:\/\/www.cronacaonline.it\/index.php\/wp-json\/wp\/v2\/media\/201497"}],"wp:attachment":[{"href":"https:\/\/www.cronacaonline.it\/index.php\/wp-json\/wp\/v2\/media?parent=211556"}],"wp:term":[{"taxonomy":"category","embeddable":true,"href":"https:\/\/www.cronacaonline.it\/index.php\/wp-json\/wp\/v2\/categories?post=211556"},{"taxonomy":"post_tag","embeddable":true,"href":"https:\/\/www.cronacaonline.it\/index.php\/wp-json\/wp\/v2\/tags?post=211556"}],"curies":[{"name":"wp","href":"https:\/\/api.w.org\/{rel}","templated":true}]}}