{"id":211553,"date":"2021-09-07T19:22:21","date_gmt":"2021-09-07T17:22:21","guid":{"rendered":"https:\/\/www.cronacaonline.it\/?p=211553"},"modified":"2021-09-07T19:22:26","modified_gmt":"2021-09-07T17:22:26","slug":"sardegna-protagonista-al-macfrut-di-rimini-murgia-e-solinas-la-regione-partner-ufficiale-settore-ortofrutticolo-strategico-per-rilancio-dellagricoltura-sarda","status":"publish","type":"post","link":"https:\/\/www.cronacaonline.it\/index.php\/2021\/09\/07\/sardegna-protagonista-al-macfrut-di-rimini-murgia-e-solinas-la-regione-partner-ufficiale-settore-ortofrutticolo-strategico-per-rilancio-dellagricoltura-sarda\/","title":{"rendered":"Sardegna protagonista al Macfrut di rimini. Murgia e Solinas: la Regione partner ufficiale, settore ortofrutticolo strategico per rilancio dell\u2019agricoltura sarda."},"content":{"rendered":"\n<p>Cagliari, 7 Sett 2021 - Sardegna protagonista, come partner ufficiale del Macfrut di Rimini, aperto oggi, prima fiera dell\u2019ortofrutta in presenza dopo un anno e mezzo di stop degli eventi a causa del Covid.<\/p>\n\n\n\n<p>La partecipazione della Regione Sardegna all\u2019edizione 2021 di Macfrut si inserisce in un quadro di azioni finalizzate alla valorizzazione e al rilancio dell\u2019ortofrutticoltura sarda.<\/p>\n\n\n\n<p>La competitivit\u00e0 e la qualit\u00e0 del comparto ortofrutticolo sardo sono alcuni degli elementi che hanno determinato la scelta della Sardegna quale partner ufficiale. Il comparto ortofrutticolo regionale costituisce il 23% del valore complessivo della produzione agricola con circa 15mila ettari coltivati.<\/p>\n\n\n\n<p>\u00c8 un comparto da potenziare, dice il Presidente della Regione Christian Solinas, alla luce delle interessanti prospettive di mercato correlate ad un costante incremento della domanda da parte dei consumatori, sempre pi\u00f9 orientati al consumo dei prodotti di qualit\u00e0 che la Sardegna pu\u00f2 offrire.<\/p>\n\n\n\n<p>La Regione, prosegue il Presidente, ha piena consapevolezza delle potenzialit\u00e0 del comparto, e con azioni dirette al rafforzamento interno delle filiere, attuate attraverso specifici bandi del PSR per il finanziamento dei Progetti Integrati di Filiera (PIF), intende favorire il rafforzamento delle aziende operanti nel comparto.<\/p>\n\n\n\n<p>Con una migliore gestione dell\u2019offerta attraverso il sostegno alle 9 organizzazioni di produttori ortofrutta attualmente presenti in Sardegna, e con un adeguamento della rete consortile per la fornitura dei servizi irrigui alle aziende, abbiamo posto le basi per creare le condizioni per l\u2019inserimento di nuove aziende, soprattutto quelle gestite da giovani imprenditori, nel circuito ortofrutticolo regionale, sottolinea l\u2019assessora regionale all\u2019agricoltura Gabriella Murgia.<\/p>\n\n\n\n<p>La nostra presenza, prosegue l\u2019assessora, manifesta la volont\u00e0 di affermarci sul mercato dell\u2019ortofrutta e rappresenta una sintesi dell\u2019offerta isolana da sottoporre all\u2019attenzione dei mercati nazionali ed esteri.<\/p>\n\n\n\n<p>L\u2019Assessorato regionale dell\u2019agricoltura ha affidato all\u2019Agenzia Laore l\u2019organizzazione della presenza sarda, attraverso la realizzazione di uno stand espositivo dotato dei servizi di supporto per l\u2019esposizione dei prodotti, le degustazioni tecniche e le contrattazioni commerciali.<\/p>\n\n\n\n<p>L\u2019Agenzia ha quindi predisposto un bando di partecipazione al quale hanno aderito cinque dei pi\u00f9 importanti del mondo ortofrutticolo isolano.<\/p>\n\n\n\n<p>Nel prossimo autunno, dice l\u2019assessora, con le risorse messe a disposizione per l\u2019estensione del PSR nel periodo 2021 e 2022 pubblicheremo nuovi bandi per il finanziamento di progetti finalizzati all\u2019ammodernamento delle aziende agricole (misura 4.1 del PSR), alla trasformazione dei prodotti agroalimentari (misura 4.2 del PSR) e per il primo insediamento dei giovani in agricoltura (Misura 6.1 del PSR). Auspichiamo un\u2019adesione decisa e massiccia da parte delle aziende orticole isolane per favorire un rinnovamento degli impianti, la meccanizzazione aziendale e la digitalizzazione delle imprese.<\/p>\n\n\n\n<p>Chiederemo, infine, al Ministero delle Politiche agricole di attivare in un\u2019azione politica importante con strumenti adeguati per la gestione del rischio. Servono formule assicurative e risorse pubbliche per intervenire nel contenimento dei danni provocati dalla fauna selvatica (in particolare la cornacchia grigia e i cinghiali) purtroppo in costante crescita negli ultimi anni.<\/p>\n\n\n\n<p>Con questi ed altri interventi che stiamo programmando, prosegue l\u2019assessore, ci proponiamo di sostenere sempre pi\u00f9 attivamente il consolidamento del comparto ortofrutticolo della Sardegna, assecondando le prospettive di sviluppo che il comparto porta in dote. Com<\/p>\n","protected":false},"excerpt":{"rendered":"<p>Cagliari, 7 Sett 2021 &#8211; Sardegna protagonista, come partner ufficiale del Macfrut di Rimini, aperto oggi, prima fiera dell\u2019ortofrutta in presenza dopo un anno e&#8230;<\/p>\n","protected":false},"author":2,"featured_media":211554,"comment_status":"closed","ping_status":"open","sticky":false,"template":"","format":"standard","meta":[],"categories":[49,52],"tags":[],"_links":{"self":[{"href":"https:\/\/www.cronacaonline.it\/index.php\/wp-json\/wp\/v2\/posts\/211553"}],"collection":[{"href":"https:\/\/www.cronacaonline.it\/index.php\/wp-json\/wp\/v2\/posts"}],"about":[{"href":"https:\/\/www.cronacaonline.it\/index.php\/wp-json\/wp\/v2\/types\/post"}],"author":[{"embeddable":true,"href":"https:\/\/www.cronacaonline.it\/index.php\/wp-json\/wp\/v2\/users\/2"}],"replies":[{"embeddable":true,"href":"https:\/\/www.cronacaonline.it\/index.php\/wp-json\/wp\/v2\/comments?post=211553"}],"version-history":[{"count":1,"href":"https:\/\/www.cronacaonline.it\/index.php\/wp-json\/wp\/v2\/posts\/211553\/revisions"}],"predecessor-version":[{"id":211555,"href":"https:\/\/www.cronacaonline.it\/index.php\/wp-json\/wp\/v2\/posts\/211553\/revisions\/211555"}],"wp:featuredmedia":[{"embeddable":true,"href":"https:\/\/www.cronacaonline.it\/index.php\/wp-json\/wp\/v2\/media\/211554"}],"wp:attachment":[{"href":"https:\/\/www.cronacaonline.it\/index.php\/wp-json\/wp\/v2\/media?parent=211553"}],"wp:term":[{"taxonomy":"category","embeddable":true,"href":"https:\/\/www.cronacaonline.it\/index.php\/wp-json\/wp\/v2\/categories?post=211553"},{"taxonomy":"post_tag","embeddable":true,"href":"https:\/\/www.cronacaonline.it\/index.php\/wp-json\/wp\/v2\/tags?post=211553"}],"curies":[{"name":"wp","href":"https:\/\/api.w.org\/{rel}","templated":true}]}}