{"id":211544,"date":"2021-09-07T14:49:57","date_gmt":"2021-09-07T12:49:57","guid":{"rendered":"https:\/\/www.cronacaonline.it\/?p=211544"},"modified":"2021-09-07T14:49:59","modified_gmt":"2021-09-07T12:49:59","slug":"consiglio-sardegna-seduta-dedicata-ai-question-time","status":"publish","type":"post","link":"https:\/\/www.cronacaonline.it\/index.php\/2021\/09\/07\/consiglio-sardegna-seduta-dedicata-ai-question-time\/","title":{"rendered":"Consiglio Sardegna &#8211; Seduta dedicata ai Question time."},"content":{"rendered":"\n<p>Cagliari 07 Sett 2021\u00a0\u2013 La seduta dedicata all\u2019ora delle domande \u00e8 stata aperta dal vice presidente Giovanni Antonio Satta. Il primo tema all\u2019ordine del giorno ha riguardato interpellanze e interrogazioni in materia di sanit\u00e0.<\/p>\n\n\n\n<p>Interpellanza n. 140\/C-6 (OPPI) sulle procedure di definizione dei fabbisogni di personale e l\u2019individuazione delle sedi di assegnazione del personale amministrativo del Servizio sanitario regionale.<\/p>\n\n\n\n<p>Il consigliere dell\u2019Udc Cambiamo ha evidenziato come sia stata \u201cpi\u00f9 volte denunciata la carenza oramai cronica di personale amministrativo in servizio nel sistema sanitario sardo e che \u00e8 stato pi\u00f9 volte sia stato sollecitato lo svolgimento di concorsi pubblici per il reclutamento dello stesso\u201d. Il consigliere ha sottolineato che l\u2019Ats \u201cha espletato una selezione per soli titoli per l\u2019assunzione di personale a tempo determinato del profilo assistente amministrativo categoria C e che sembrerebbe che l\u2019Azienda per la tutela della salute abbia definito accordi con le altre aziende sanitarie regionali per l\u2019assegnazione delle risorse umane, i cui contenuti non sono noti poich\u00e9 non esplicitati in atti amministrativi resi pubblici\u201d. Oppi ha quindi chiesto di sapere \u201csulla base di quali criteri e norme siano state definite le assegnazioni tra aziende;<br>&nbsp;se le assunzioni previste per le aziende suddette siano state preventivamente autorizzate dall\u2019Assessorato regionale dell\u2019igiene e sanit\u00e0 e dell\u2019assistenza sociale, con quali note siano state richieste e se le stesse siano comprese nel piano preventivo delle assunzioni per l\u2019anno 2021;<br>quali siano i criteri di assegnazione del personale all\u2019interno delle singole aziende, gli unici noti agli scriventi sono quelli dell\u2019Ats, previsti nella nota di cui sopra che appaiono privi di una valutazione precisa;<br>se si siano valutati i disservizi derivanti dall\u2019applicazione delle disposizioni del suddetto direttore amministrativo che sguarniranno molti servizi attualmente coperti dal personale delle agenzie di somministrazione e delle cooperative poich\u00e9 il medesimo sar\u00e0 chiamato in servizio a tempo determinato presso altre strutture\u201d. Oppi chiede , inoltre, di sapere<br>\u201ccome si intender\u00e0 far fronte alla produzione dei servizi amministrativi nelle aree presso le quali saranno assegnate meno risorse umane rispetto a quelle attualmente in servizio ovvero presso le quali non ne saranno assegnate;<br>se si sia valutato che lo spostamento di personale da una linea di attivit\u00e0 ad un\u2019altra richieda un lasso di tempo indispensabile alla formazione del personale sostitutivo con conseguente rallentamento nello svolgimento di funzioni fondamentali quali il CUP ed il servizio ticket;<br>se al reclutamento di tale personale corrisponder\u00e0 una diminuzione di acquisto di servizi presso le societ\u00e0 di somministrazione di personale e le cooperative e se tale possibilit\u00e0 sia contemplata nei contratti in essere ovvero se gli stessi siano scaduti; e perch\u00e9 si sia deciso di svolgere il reclutamento di cui trattasi in un momento cos\u00ec delicato per l\u2019organizzazione del servizio sanitario e perch\u00e9 si siano adottate interpretazioni non chiare in tema di redazione della graduatoria\u201d.<\/p>\n\n\n\n<p>In particolare il consigliere Oppi (Udc Cambiamo!) ha evidenziato che si tratta di una \u201cdeportazione totale\u201d del personale, con trasferimenti dei lavoratori da una parte all\u2019altra della Sardegna, con grandi problemi. E\u2019 fondamentale, ha ribadito Oppi, che ogni lavoratore possa tornare nel luogo di origine. Spero che questa situazione venga migliorata, visto anche l\u2019impegno assunto dal commissario di Ats.&nbsp;<\/p>\n\n\n\n<p>Il vice presidente Satta ha quindi dato la parola all\u2019assessore regionale della Sanit\u00e0, Mario Nieddu per la risposta, il quale ha annunciato di aver ricevuto due note da parte dell\u2019Ats in merito ai quesiti presenti nell\u2019interpellanza. Dando risposta a ogni singolo quesito Nieddu, in particolare, ha riferito che Ats fa sapere che non sono fornite informazioni circa i criteri di assegnazione e comunica che sono state soddisfatte le richieste formulate dalle Aziende. Non \u00e8 stata proposta da Ats, ha spiegato l\u2019assessore, istanza di autorizzazione all\u2019assunzione del personale in quanto presente il piano triennale per il fabbisogno del personale, \u00e8 stata richiesta solo per il reclutamento delle successive 90 unit\u00e0. L\u2019Ats ha anche reso noto, a seguito delle indicazioni ricevute dall\u2019assessorato, di aver disposto che il personale gi\u00e0 impiegato ai sensi di altri istituti giuridici e vincitore della selezione a tempo determinato continuasse a essere impiegato presso la sede in cui risultava gi\u00e0 in servizio, salvo particolari e inderogabili esigenze. Sulla continuit\u00e0 dei servizi amministrativi Nieddu ha riferito che Ats ha provveduto a reclutare personale a tempo determinato e altre 120 unit\u00e0 di personale in somministrazione al fine di scongiurare l\u2019interruzione dei servizi amministrativi. Per quanto riguarda la graduatoria, l\u2019assessore ha spiegato che \u00e8 stata redatta in maniera automatica in base ai titoli e non \u00e8 soggetta a modiche discrezionali.<\/p>\n\n\n\n<p>Oppi ha dato atto che, su intervento anche dell\u2019assessorato, c\u2019era stato un certo miglioramento, ma ora bisogna intervenire su queste 90 nuove figure per evitare che la situazione degeneri nuovamente. Oppi ha ribadito che deve essere garantita loro la possibilit\u00e0 di lavorare dove vivono.<\/p>\n\n\n\n<p>Interrogazione n. 1180\/A (Pinna e pi\u00f9) sulla nota inviata dall\u2019Assessorato regionale dell\u2019igiene e sanit\u00e0 e dell\u2019assistenza sociale a Mmg e Pls contenente l\u2019invito a utilizzare i protocolli per la terapia domiciliare nella lotta contro il Covid e, in generale, sulla preoccupante situazione dei contagi nell\u2019Isola.<\/p>\n\n\n\n<p>I consiglieri della minoranza&nbsp;chiedono di interrogare il Presidente della Regione e l\u2019Assessore regionale dell\u2019igiene e sanit\u00e0 e dell\u2019assistenza sociale per conoscere: \u201cse non reputino essere compito e responsabilit\u00e0 ineludibile delle istituzioni di governo e sanitarie a tutti i livelli, di vigilare affinch\u00e9 i cittadini siano correttamente informati e tutelati nel proprio diritto costituzionale alla salute, all\u2019accesso migliore a cura e assistenza; se non ritengano doveroso per quanti ricoprano ruoli di responsabilit\u00e0 nell\u2019amministrazione regionale e per coloro che, eletti o nominati, rappresentano pro tempore l\u2019Istituzione, accompagnare i cittadini verso la consapevolezza che la comunit\u00e0 scientifica \u00e8 al loro servizio e si \u00e8 prodotta in un instancabile impegno per garantire in tempi straordinari il superamento di questa crisi pandemica attraverso i vaccini, le linee guida e i protocolli validati dalle autorit\u00e0 ad esse preposte; se non siano, altres\u00ec, consapevoli che non sia accettabile eticamente, deontologicamente e politicamente che chi rappresenta a diverso titolo e ruolo le istituzioni si faccia voce di portatori di interessi altri che non quello collettivo, che si avallino teorie e \u201cpratiche\u201d non accreditate e provenienti da ambienti non autorevoli e che, peraltro, si diano indirizzi e metodi confusi e non conformi alle indicazioni del Ministero della Salute e dell\u2019Iss; se non reputino necessario, oltrech\u00e9 urgente, chiarire le ragioni per le quali si sia inviata ai Mmg e ai Pls la comunicazione oggetto della nota congiunta degli ordini dei medici di Cagliari e Oristano; cosa si stia predisponendo in coerenza con la preoccupazione che traspare dalle dichiarazioni dell\u2019Assessore, in merito alla giustificazione per l\u2019invio dei protocolli del Comitato cure domiciliari Covid-19: definiti come \u201cuna opportunit\u00e0 in pi\u00f9\u201d rese il 20 agosto scorso a la Nuova Sardegna, per garantire le cure domiciliari come da linee guida ministeriali, con medici e pediatri di base mancanti in molti paesi dell\u2019Isola e con le USCA di nuovo sotto pressione; come si intenda gestire il costante aumento dei contagi, il sovraccarico degli ospedali, le visite specialistiche e gli interventi di ordinaria programmazione; quali azioni ritengano ragionevole porre in essere per evitare una ulteriore crescita di contagi; e quali i provvedimenti per l\u2019assegnazione dei posti vacanti di Mmg e Pls, per la copertura delle guardie mediche di continuit\u00e0 assistenziale\u201d. Segue<\/p>\n","protected":false},"excerpt":{"rendered":"<p>Cagliari 07 Sett 2021\u00a0\u2013 La seduta dedicata all\u2019ora delle domande \u00e8 stata aperta dal vice presidente Giovanni Antonio Satta. Il primo tema all\u2019ordine del giorno&#8230;<\/p>\n","protected":false},"author":2,"featured_media":191709,"comment_status":"closed","ping_status":"open","sticky":false,"template":"","format":"standard","meta":[],"categories":[49,52],"tags":[],"_links":{"self":[{"href":"https:\/\/www.cronacaonline.it\/index.php\/wp-json\/wp\/v2\/posts\/211544"}],"collection":[{"href":"https:\/\/www.cronacaonline.it\/index.php\/wp-json\/wp\/v2\/posts"}],"about":[{"href":"https:\/\/www.cronacaonline.it\/index.php\/wp-json\/wp\/v2\/types\/post"}],"author":[{"embeddable":true,"href":"https:\/\/www.cronacaonline.it\/index.php\/wp-json\/wp\/v2\/users\/2"}],"replies":[{"embeddable":true,"href":"https:\/\/www.cronacaonline.it\/index.php\/wp-json\/wp\/v2\/comments?post=211544"}],"version-history":[{"count":1,"href":"https:\/\/www.cronacaonline.it\/index.php\/wp-json\/wp\/v2\/posts\/211544\/revisions"}],"predecessor-version":[{"id":211545,"href":"https:\/\/www.cronacaonline.it\/index.php\/wp-json\/wp\/v2\/posts\/211544\/revisions\/211545"}],"wp:featuredmedia":[{"embeddable":true,"href":"https:\/\/www.cronacaonline.it\/index.php\/wp-json\/wp\/v2\/media\/191709"}],"wp:attachment":[{"href":"https:\/\/www.cronacaonline.it\/index.php\/wp-json\/wp\/v2\/media?parent=211544"}],"wp:term":[{"taxonomy":"category","embeddable":true,"href":"https:\/\/www.cronacaonline.it\/index.php\/wp-json\/wp\/v2\/categories?post=211544"},{"taxonomy":"post_tag","embeddable":true,"href":"https:\/\/www.cronacaonline.it\/index.php\/wp-json\/wp\/v2\/tags?post=211544"}],"curies":[{"name":"wp","href":"https:\/\/api.w.org\/{rel}","templated":true}]}}