{"id":211542,"date":"2021-09-07T14:49:00","date_gmt":"2021-09-07T12:49:00","guid":{"rendered":"https:\/\/www.cronacaonline.it\/?p=211542"},"modified":"2021-09-07T14:49:02","modified_gmt":"2021-09-07T12:49:02","slug":"consiglio-sardegna-seduta-dedicata-ai-question-time-2","status":"publish","type":"post","link":"https:\/\/www.cronacaonline.it\/index.php\/2021\/09\/07\/consiglio-sardegna-seduta-dedicata-ai-question-time-2\/","title":{"rendered":"Consiglio Sardegna &#8211; Seduta dedicata ai Question time (2)."},"content":{"rendered":"\n<p>Cagliari, 7 Sett 2021 - La consigliera Rossella Pinna (Pd), prima firmataria dell\u2019interrogazione sottoscritta da tutti i gruppi di minoranza, ha sottolineato come la mail, oggetto dell\u2019interrogazione, inviata ai medici di base su protocolli da attivare per le cure domiciliari, non supportata da evidenze scientifiche approvate dal Ministero della Salute e dall\u2019Istituto superiore di sanit\u00e0, sia stata una scelta superficiale e pericoloso. Un\u2019indicazione, ha ricordato tra l\u2019altro, su cui si sono espressi negativamente un primario infettivologo sardo ed Emanuele Nicastri, direttore della divisione malattie infettive dello\u00a0Spallanzani, che ha scritto allo stesso Assessore Nieddu. Nel suo intervento la consigliera ha anche ricordato le difficolt\u00e0 in cui si trovano i pazienti positivi o in quarantena a casa e le difficolt\u00e0 per effettuare i tamponi, in particolare per i bambini.<\/p>\n\n\n\n<p>Nella risposta l\u2019assessore Nieddu ha ricordato che la mail inviata non era un\u2019imposizione, n\u00e9 un obbligo per i medici, ma era a scopo divulgativo di quanto emerso durante il comitato scientifico per le terapie domiciliari, come ribadito nella mail inviata il 20 agosto scorso.<\/p>\n\n\n\n<p>La consigliera Pinna non si \u00e8 detta soddisfatta della risposta e ha affermato che, pur comprendendo l\u2019intento di alleggerire il carico sugli ospedali, si \u00e8 trattato di un atto pericolo che scaricava la responsabilit\u00e0 sui medici. Pinna ha anche ricordato che le ultime linee guida approvate risalgono ad aprile scorso e che, se non sono state modificate o aggiornate, restano valide e applicabili. La consigliera del Pd ha voluto anche richiamare l\u2019attenzione dell\u2019assessore sulla grave carenza di personale sanitario.<\/p>\n\n\n\n<p>Interrogazione n. 1184\/A (Cocco e pi\u00f9), sul grave ritardo da parte dell\u2019ATS Sardegna nell\u2019assegnazione delle ore disponibili destinate ai medici specialisti ambulatoriali veterinari e sulla necessit\u00e0 di stabilizzare i veterinari precari assunti con rapporto di lavoro a tempo determinato.<\/p>\n\n\n\n<p>I consiglieri di Leu&nbsp;chiedono di interrogare il Presidente della Regione e l\u2019Assessore regionale dell\u2019igiene e sanit\u00e0 e dell\u2019assistenza sociale per sapere quali azioni intendano adottare, o far adottare al fine di: \u201cprocedere celermente nell\u2019assegnazione, da parte dell\u2019ATS Sardegna, delle ore resesi disponibili destinate ai veterinari in servizio presso le sedi di Sassari e Nuoro; definire senza ulteriori ritardi la stabilizzazione di tutto il personale medico veterinario assunto con rapporto di lavoro a tempo determinato dall\u2019ATS Sardegna; attivare specifici programmi e finanziamenti per risolvere l\u2019emergenza sanitaria dovuta ai nuovi focolai di lingua blu in Sardegna\u201d.<\/p>\n\n\n\n<p>Il capogruppo di Leu, Daniele Cocco, firmatario insieme al collega Eugenio Lai (Leu) dell\u2019interrogazione, visto il problema legato alla diffusione della blue tongue, ha ribadito l\u2019urgenza di dare risposte immediate all\u2019incremento delle ore disponibili per i veterinari in servizio a Sassari e a Nuoro, e procedere alla stabilizzazione dei veterinari e degli assistenti veterinari che ne abbiano i requisiti.<\/p>\n\n\n\n<p>L\u2019assessore Nieddu ha reso noto che \u00e8 stato dato mandato per la stabilizzazione di chi ne abbia i requisiti e che \u00e8 stato bandito un concorso per l\u2019assunzione di veterinari a tempo indeterminato. Sul contrasto alla diffusione della blue tongue \u00e8 stato elaborato l\u2019elenco delle aziende a rischio per iniziare tempestivamente la campagna vaccinale, oltre ad essere stato avviato l\u2019utilizzo delle sostanze insetto-repellenti. E\u2019 stato richiesto all\u2019assessorato all\u2019Agricoltura, inoltre, l\u2019assegnazione temporanea di 90 medici veterinari, assunti da Laore, a supporto dell\u2019Ats per la campagna vaccinale, con l\u2019utilizzo di 120mila dosi rimanenti e di ulteriori 600mila che sono in fase di acquisizione da parte della Regione. Le aziende sarde da sottoporre a profilassi in tempi brevi sono 424 con circa 52mila capi.<\/p>\n\n\n\n<p>Il capogruppo di Leu, Daniele Cocco, ha affermato di non aver ottenuto informazioni nuove rispetto a quanto gi\u00e0 detto nei mesi scorsi.<\/p>\n\n\n\n<p>Interrogazione n. 1185\/A (Desir\u00e8 Manca), sulla grave situazione logistica del reparto di Oncoematologia di Sassari.<\/p>\n\n\n\n<p>La consigliera pentastellata chiede di interrogare il Presidente della Regione e l\u2019Assessore regionale dell\u2019igiene e sanit\u00e0 e dell\u2019assistenza sociale per sapere se: \u201csiano a conoscenza della grave situazione in cui versa il reparto dell\u2019Unit\u00e0 operativa di Ematologia delle Cliniche universitarie di Sassari e in che modo intendano risolvere le criticit\u00e0 sopra esposte; e non ritengano necessario predisporre tutte le iniziative utili ad un immediato trasferimento del reparto di Oncoematologia di Sassari in locali adeguati\u201d.<\/p>\n\n\n\n<p>La firmataria dell\u2019interrogazione ha illustrato all\u2019Aula la situazione in cui versa il reparto di Oncoematologia di Sassari, da lei pi\u00f9 volte visitato. Un reparto, ha spiegato, in cui ci sono 8000 accessi l\u2019anno, 400 ricoveri e un tasso di occupazione del 400 per cento. Manca ha parlato di locali assolutamente inadeguati ad accogliere i tanti malati di tumore, che devono sottoporsi alla chemioterapia, e di servizi igienici non idonei. Manca ha ricordato che, pur essendo problemi che arrivano da lontano, questa maggioranza ha fatto promesse che non ha ancora mantenuto.<\/p>\n\n\n\n<p>Nieddu, rispondendo all\u2019interrogazione, ha riferito che il Commissario straordinario dell\u2019Aou di Sassari ha avviato lavori di miglioramento del reparto in attesa del trasferimento del reparto. Uno spostamento che si \u00e8 bloccato per un contenzioso che ha impedito la prosecuzione dei lavori di adeguamento del nuovo reparto. Nieddu ha reso noto che il contenzioso potrebbe trovare a breve una soluzione. L\u2019assessore ha evidenziato che il commissario dell\u2019Azienda ospedaliera universitaria di Sassari ha predisposto lavori di manutenzione straordinaria nel reparto e che i lavori di rifacimento dei bagni saranno avviati nelle prossime settimane.&nbsp;&nbsp;<\/p>\n\n\n\n<p>La consigliera Manca ha affermato che sono state solo tinteggiate le pareti del reparto e ha ricordato all\u2019assessore che \u00e8 necessario ridare dignit\u00e0 al malato.<\/p>\n\n\n\n<p>Dopo l\u2019assessore Nieddu ha preso la parola l\u2019on. Annalisa Mele (Lega) per l\u2019interrogazione 1035 sulla trivellazione a San Leonardo per la ricerca di acque minerali. L\u2019oratrice ha evidenziato \u201cil rischio che si danneggino le falde, soprattutto a seguito del tragico incendio delle scorse settimane. L\u2019acqua di Siete Fuentes va impiegata con intelligenza e moderazione, come chiedono i comitati spontanei. Abbiamo bisogno che l\u2019assessore all\u2019Ambiente ci rassicuri\u201d.<\/p>\n\n\n\n<p>In risposta, l\u2019assessore Gianni Lampis ha detto che \u201cle istruttorie tecniche e amministrative sono di competenza della struttura dell\u2019assessorato e dei suoi tecnici, non dell\u2019assessore. Il progetto di attivit\u00e0 di ricerca mineraria, non di emungimento da pozzi, \u00e8 volto allo studio della risorsa acqua a San Leonardo, con un massimo di sei sondaggi per una profondit\u00e0 di cento metri. Il rischio di compromissione delle falde di Santulussurgiu apparterr\u00e0 all\u2019ipotesi di sfruttamento mediante pozzi, che non sono previsti n\u00e9 possibili in questa fase di ricerca. Questa \u00e8 soltanto la fase della ricerca e questo \u00e8 stato autorizzato\u201d.<\/p>\n\n\n\n<p>Soddisfatta Mele, che ha ringraziato.<\/p>\n\n\n\n<p>L\u2019on. Rossella Pinna (Pd) ha ricordato che Ignazio Sessini, un operaio a Villacidro, ha perso la vita la notte del 4 luglio scorso nell\u2019impianto di trattamento rifiuti a seguito di un incidente avvenuto in una macchina che sarebbe dovuto essere spenta. \u201cGi\u00e0 nel 2020 si era creato un brutto clima a Villaservice e proprio nel trituratore a differenza del passato si lavora soli, senza che un collega possa fermare la macchina e chiamare i soccorsi, in caso di incidente. Ripropongo il tema della sicurezza sul lavoro&nbsp;in Sardegna e chiedo alla Regione se sia stata aperta un\u2019inchiesta amministrativa su questo incidente, nel rispetto dell\u2019inchiesta penale in corso\u201d.<\/p>\n\n\n\n<p>L\u2019assessore Gianni Lampis ha espresso le sue condoglianze alla famiglia e alla comunit\u00e0 ma ha anche aggiunto che la societ\u00e0 Villaservice, a partecipazione pubblica e composta dai quattro Comuni del territorio, \u00e8 l\u2019unica responsabile delle sue scelte aziendali. Dal punto di vista della Regione non si rilevano disallineamenti tra quanto comunicato da Villaservice alla Regione e i fatti del tragico incidente. Non posso non citare il lavoro di mediazione anche di questo assessorato per arrivare al piano tariffario, approvato nel 2021. Non ho evidenza, invece, di sversamenti nei corsi d\u2019acqua da parete di Villaservice\u201d.<\/p>\n\n\n\n<p>Soddisfatta l\u2019interrogante, che ha detto: \u201cLa mia priorit\u00e0 in questo momento \u00e8 sapere se questi impianti sono al sicuro e scongiurare il rischio che ci siano inquinamenti\u201d.<\/p>\n\n\n\n<p>Per i Progressisti l\u2019on. Diego Loi (interrogazione 1186) \u00e8 intervenuto sul tema del rogo del Montiferru e ha segnalato che \u201cemergono una serie di questioni sulla tempistica con la quale sono stati redatti i piani regionali ripartimentali dell\u2019antincendio, approvati in una data che cozza rispetto alla tempistica ordinaria. Vorremmo anche sapere soprattutto cosa \u00e8 accaduto tra la sera del 23 e la mattina del 24 luglio nel territorio di Bonarcado per spegnere l\u2019incendio di una macchina generato da autocombustione. Quanti hanno operato per spegnere quel rogo e per quanto tempo?\u201d.<\/p>\n\n\n\n<p>L\u2019assessore Lampis ha replicato che \u201cil Prai (piano regionale antincendio) \u00e8 stato approvato nel giugno 2020, ha validit\u00e0 triennale ed \u00e8 stato revisionato a giugno scorso, completato con i piani ripartimentali elaborati dal Corpo forestale. Le risorse utilizzate in occasione di questa tragedia sono state congrue, considerato che nella sola zona di Oristano in quelle ore sono divampati tre incendi. Sull\u2019episodio di Bonarcado sono in corso le indagini della Procura e comunque l\u2019area \u00e8 stata presidiata sino a mezzanotte ma la mattina presto \u00e8 partito un incendio a Seneghe e poi ha proseguito con la bonifica di Bonarcado. E\u2019 chiara oggi l\u2019esigenza di rafforzare tutte le squadre antincendio della Sardegna, non solo con le risorse della Regione ma con il supporto aereo nazionale rafforzato per le nostre esigenze\u201d.<\/p>\n\n\n\n<p>L\u2019assessore al Personale Valeria Satta ha replicato sul tema della selezione del personale e degli incarichi nel Corpo forestale.<\/p>\n\n\n\n<p>L\u2019interrogante ha concluso affermando che spera che \u201cgli esiti delle indagini si conoscano al pi\u00f9 presto\u201d.&nbsp;<\/p>\n\n\n\n<p>Sull\u2019interrogazione 479 Maria Laura Orr\u00f9 (Progressisti) ha riproposto il tema della \u201cgestione della poseidonia da parte dei Comuni costieri, in particolare di Alghero. Manca una visione di insieme prima che i problemi insorgano, dobbiamo provare a intervenire a monte come si fa in Corsica, dove si impedisce alle ancora delle barche di uccidere le poseidonia\u201d.<\/p>\n\n\n\n<p>L\u2019assessore Lampis ha risposto sostenendo che \u201cin alcuni Comuni sardi la poseidonia in realt\u00e0 evita l\u2019erosione delle spiagge e non \u00e8 sempre un problema come ad Alghero\u201d e ha comunque apprezzato lo spirito collaborativo dell\u2019interrogante. In replica Orr\u00f9 ha detto: \u201cAnche il tema dell\u2019ancoraggio incontrollato delle imbarcazioni va considerato, non limitiamoci a rincorrere le soluzioni quando il problema si \u00e8 manifestato\u201d.<\/p>\n\n\n\n<p>Successivamente \u00e8 stata esaminata la mozione n.491 del Partito democratico sulla prossima apertura dell\u2019anno scolastico in condizioni di sicurezza. Illustrandone il contenuto, il primo firmatario Piero Comandini ha messo in luce l\u2019attenzione del Pd e dei gruppi di minoranza che pi\u00f9 volte si sono occupati dell\u2019argomento, esprimendo preoccupazione per le questioni ancora aperte, dall\u2019abbandono che vede la Sardegna ai primi posti in Italia all\u2019incremento dei non ammessi alla maturit\u00e0, dalla didattica a distanza che non ha prodotto i risultati sperati, alle vaccinazioni del personale che sarebbero \u201cferme\u201d al 77%. Non vorremmo, ha sostenuto Comandini, che la prossima settimana le lezioni iniziassero nel caos come l\u2019anno scorso, soprattutto per quanto riguarda i trasporti che fecero registrare un livello di organizzazione inadeguato non solo su aree urbane ma su tutto il territorio regionale. La scuola, ha infine ricordato Comandini, ha molto bisogno in questo momento di investimenti in risorse umane e tecnologiche e di aumentare l\u2019offerta di spazi all\u2019aperto.<\/p>\n\n\n\n<p>L\u2019assessore Andrea Biancareddu, dopo aver ringraziato i gruppi di opposizione per la sensibilit\u00e0 verso il mondo della scuola, ha ricordato che rispetto alla prima fase i temi da affrontare sono in parte cambiati ma richiedono ugualmente un impegno straordinario. L\u2019emergenza sanitaria non \u00e8 conclusa e vanno mantenute le prescrizioni in vigore, ha aggiunto, va riconosciuto il grande sforzo di tutte le componenti della scuola famiglie comprese, e va rilanciato il lavoro sulla Dad perch\u00e9 l\u2019esperienza ci dice che lo strumento ha evidenziato grossi limiti, soprattutto in Sardegna dove \u00e8 diventato una concausa di dispersione scolastica in molte zone dove non arriva nemmeno il segnale internet, nonostante le risorse messe in campo da Regione e Governo. Per quanto riguarda la Regione, ha proseguito Biancareddu, siamo concentrati sull\u2019obiettivo di cominciare il nuovo anno \u201cin presenza\u201d, abbiamo aumentato i fondi per il trasporto scolastico da 4 a 6 milioni (pi\u00f9 50%) e speso dall\u2019inizio della legislatura circa 220 milioni fra edilizia e dotazioni tecnologiche, e sono gi\u00e0 stati definiti i protocolli da seguire nelle scuole: attribuzione al dirigente del ruolo di datore di lavoro, funzione delle famiglie nel controllo dei ragazzi, ingresso ed uscita differenziati in senso fisico e di percorsi, dispositivi individuali, distanziamento, sanificazione ambienti, gestione di spazi comuni, supporto psico-pedagogico, gestione di eventuali sintomatici. Sulle vaccinazioni l\u2019assessore ha fornito dati aggiornati al 30 agosto: dirigenti 93.2 % (prima dose), docenti 90.5, non docenti 90.7, supplenti 86.3, docenti universitari 85.5, l\u201989.4 di media. Verificheremo, ha assicurato Biancareddu, gli eventuali ingressi senza \u201cgreen pass\u201d ma mi preme sottolineare il grande senso di responsabilit\u00e0 dei ragazzi (fascia di et\u00e0 12-19 anni) che, pur non avendo nessun obbligo, si sono vaccinati per il 69%, un trend che fa ben sperare per il raggiungimento dell\u2019immunit\u00e0 di gregge; personalmente ho fatto e continuer\u00f2 a fare campagna per i vaccini come atto di responsabilit\u00e0 e realismo perch\u00e9 i malati di questa fase sono tutti non vaccinati, ed anche di fiducia nella ripartenza, per il contributo delle vaccinazioni al superamento della crisi economica.<\/p>\n\n\n\n<p>In sede di replica il consigliere Comandini ha ringraziato l\u2019assessore per le risposte sulla vaccinazioni, ricordando per\u00f2 che sul punto restano diversi problemi aperti all\u2019interno della maggioranza. Tornando sulle problematiche del nuovo anno scolastico, l\u2019esponente del Pd ha messo l\u2019accento sul volume delle risorse stanziate dal Governo nazionale su un settore straetico che comunque, anche nella fase pi\u00f9 acuta della pandemia, si \u00e8 rivelato il luogo fra i pi\u00f9 sicuri della societ\u00e0; dirigenti e docenti devono dunque dare l\u2019esempio sostenendo il vaccino come \u201cscelta di ripartenza\u201d. Infine Comandini ha raccomandato il miglioramento della situazione dei trasporti che devono fare la loro parte soprattutto nelle zone interne dell\u2019Isola.<\/p>\n\n\n\n<p>Al termine, dando atto dell\u2019esaurimento degli argomenti all\u2019ordine del giorno e dell\u2019impossibilit\u00e0 di trattare l\u2019ultimo punto per l\u2019assenza dell\u2019interrogante e dell\u2019assessore, il presidente ha chiuso la seduta, annunciando la riconvocazione del Consiglio a domicilio.&nbsp;Com<\/p>\n","protected":false},"excerpt":{"rendered":"<p>Cagliari, 7 Sett 2021 &#8211; La consigliera Rossella Pinna (Pd), prima firmataria dell\u2019interrogazione sottoscritta da tutti i gruppi di minoranza, ha sottolineato come la mail,&#8230;<\/p>\n","protected":false},"author":2,"featured_media":0,"comment_status":"closed","ping_status":"open","sticky":false,"template":"","format":"standard","meta":[],"categories":[49,52],"tags":[],"_links":{"self":[{"href":"https:\/\/www.cronacaonline.it\/index.php\/wp-json\/wp\/v2\/posts\/211542"}],"collection":[{"href":"https:\/\/www.cronacaonline.it\/index.php\/wp-json\/wp\/v2\/posts"}],"about":[{"href":"https:\/\/www.cronacaonline.it\/index.php\/wp-json\/wp\/v2\/types\/post"}],"author":[{"embeddable":true,"href":"https:\/\/www.cronacaonline.it\/index.php\/wp-json\/wp\/v2\/users\/2"}],"replies":[{"embeddable":true,"href":"https:\/\/www.cronacaonline.it\/index.php\/wp-json\/wp\/v2\/comments?post=211542"}],"version-history":[{"count":1,"href":"https:\/\/www.cronacaonline.it\/index.php\/wp-json\/wp\/v2\/posts\/211542\/revisions"}],"predecessor-version":[{"id":211543,"href":"https:\/\/www.cronacaonline.it\/index.php\/wp-json\/wp\/v2\/posts\/211542\/revisions\/211543"}],"wp:attachment":[{"href":"https:\/\/www.cronacaonline.it\/index.php\/wp-json\/wp\/v2\/media?parent=211542"}],"wp:term":[{"taxonomy":"category","embeddable":true,"href":"https:\/\/www.cronacaonline.it\/index.php\/wp-json\/wp\/v2\/categories?post=211542"},{"taxonomy":"post_tag","embeddable":true,"href":"https:\/\/www.cronacaonline.it\/index.php\/wp-json\/wp\/v2\/tags?post=211542"}],"curies":[{"name":"wp","href":"https:\/\/api.w.org\/{rel}","templated":true}]}}