{"id":211530,"date":"2021-09-07T11:53:12","date_gmt":"2021-09-07T09:53:12","guid":{"rendered":"https:\/\/www.cronacaonline.it\/?p=211530"},"modified":"2021-09-07T11:53:13","modified_gmt":"2021-09-07T09:53:13","slug":"il-green-pass-allesame-del-parlamento-la-maggioranza-ritira-gli-emendamenti-niente-fiducia","status":"publish","type":"post","link":"https:\/\/www.cronacaonline.it\/index.php\/2021\/09\/07\/il-green-pass-allesame-del-parlamento-la-maggioranza-ritira-gli-emendamenti-niente-fiducia\/","title":{"rendered":"Il Green pass all&#8217;esame del Parlamento. La maggioranza ritira gli emendamenti, niente fiducia."},"content":{"rendered":"\n<p>Roma, 7 Sett 2021 - Tutti i partiti della maggioranza, compresa la Lega, hanno ritirato gli emendamenti al dl Green pass all'esame dell'Aula della Camera. Lo rendono noto fonti parlamentari spiegando che a questo punto il governo non porr\u00e0 la fiducia.<\/p>\n\n\n\n<p>La \"spina nel fianco\" era rappresentata da circa cinque votazioni su altrettanti emendamenti&nbsp;a scrutinio segreto: tra queste, quelle relative alla richiesta di Lega, L'Alternativa C'\u00e8 e Fdi di innalzare a 18 anni l'esonero del Green pass, attualmente previsto a 12 anni.<\/p>\n\n\n\n<p>Alle 11.30 il comitato dei nove esaminer\u00e0 gli emendamenti per l'Aula.<\/p>\n\n\n\n<p>Pd e Movimento 5 stelle avevano spinto affinch\u00e9 la Lega non avesse margini di azione. Del resto Salvini aveva corretto il tiro, ma - questa la premessa - non bisogna blindare il provvedimento, \"il Parlamento deve contare\". Il premier Draghi aveva riscontrato comunque un clima di maggiore unit\u00e0.<\/p>\n\n\n\n<p>Lo stesso ministro Giorgetti ha certificato che si andr\u00e0 verso una nuova estensione del passaporto sanitario. Una linea opposta a quella cavalcata da esponenti del partito di via Bellerio come Borghi che in caso di fiducia voterebbe - e insieme a lui perlomeno un'altra decina di deputati - contro l'esecutivo.<\/p>\n\n\n\n<p>Ma il presidente del Consiglio punta a scongiurare uno scontro interno al governo. \u00c8 concentrato sull'organizzazione di un G20 straordinario sull'Afghanistan, domani \u00e8 in programma la video call con il presidente cinese Xi Jinping. E per ora non ha convocato neanche la cabina di regia, anzi \u00e8 possibile che una riunione dei rappresentanti delle forze politiche al governo si possa tenere la prossima settimana. Per portare a casa il decreto in Aula ed arrivare poi all'estensione del Green pass anche nei luoghi di lavoro.<\/p>\n\n\n\n<p>Per l'allargamento sull'utilizzo del passaporto sanitario si prevedono quindi tempi pi\u00f9 lunghi anche se il ministro Speranza ha assicurato che si arriver\u00e0 presto in questa direzione.<\/p>\n\n\n\n<p>Ieri da Draghi si \u00e8 recato il segretario della Cgil, Landini. Si \u00e8 discusso - hanno spiegato da palazzo Chigi - \"delle prospettive dell'economia in vista dei prossimi mesi e delle principali questioni legate al tema del lavoro\". La richiesta delle sigle sindacali \u00e8 che siano le aziende a farsi carico del costo dei tamponi.<\/p>\n\n\n\n<p>L'annuncio dell'estensione del Green pass arriva&nbsp;al termine del G20 Salute a Roma.&nbsp;Il ministro della Salute, Roberto Speranza, conferma che: \"A breve ci sar\u00e0 l'estensione del Green pass. C'\u00e8 una discussione in corso, che&nbsp;avverr\u00e0 anche nei prossimi giorni, che ci porter\u00e0 a determinazioni che&nbsp;ci consentiranno di estendere la campagna vaccinale, penso&nbsp;all'estensione del Green pass e altre ipotesi per rafforzare la&nbsp;campagna vaccinale\".<\/p>\n\n\n\n<p>\"Noi da sempre siamo stati per l'obbligo vaccinale ma non possiamo non renderci conto che al momento la politica non sembra trovare una sintesi e quindi abbiamo necessit\u00e0 di mettere in sicurezza i luoghi di lavoro\". Cos\u00ec il presidente di Confindustria, Carlo Bonomi, dopo l'incontro con i sindacati.<\/p>\n\n\n\n<p>\"Siamo per l'adozione del Green pass obbligatorio nei luoghi di lavoro e su questo si \u00e8 aperta una discussione\". Sul costo dei tamponi \"sappiamo che gioved\u00ec c'\u00e8 la cabina di regia del governo, laddove si dovesse decidere, come noi auspichiamo, l'obbligo del Green pass all'interno dei luoghi di lavoro e le parti sociali trovassero un accordo su questo, credo che il governo potrebbe pensare di fare un'operazione di utilit\u00e0 sociale e quindi di potersi far carico del costo dei tamponi, che sicuramente non pu\u00f2 essere a carico delle imprese\".<\/p>\n\n\n\n<p>Cgil, Cisl e Uil al tavolo del confronto hanno portato&nbsp;un'apertura, ma hanno anche dettato i termini del s\u00ec: \"Abbiamo dato a Confindustria la nostra disponibilit\u00e0 a sederci per rafforzare i contenuti dei protocolli, per rendere i luoghi di lavoro pi\u00f9 sicuri. E abbiamo dato la nostra disponibilit\u00e0 a discutere nel merito, in caso di legge sull'obbligo del Green pass, a patto che i costi non ricadano sui lavoratori\". Lo ha detto il leader della Cisl, Luigi Sbarra, dopo l'incontro Confindustria-sindacati sul Green pass.<\/p>\n","protected":false},"excerpt":{"rendered":"<p>Roma, 7 Sett 2021 &#8211; Tutti i partiti della maggioranza, compresa la Lega, hanno ritirato gli emendamenti al dl Green pass all&#8217;esame dell&#8217;Aula della Camera.&#8230;<\/p>\n","protected":false},"author":2,"featured_media":209401,"comment_status":"closed","ping_status":"open","sticky":false,"template":"","format":"standard","meta":[],"categories":[49,50],"tags":[],"_links":{"self":[{"href":"https:\/\/www.cronacaonline.it\/index.php\/wp-json\/wp\/v2\/posts\/211530"}],"collection":[{"href":"https:\/\/www.cronacaonline.it\/index.php\/wp-json\/wp\/v2\/posts"}],"about":[{"href":"https:\/\/www.cronacaonline.it\/index.php\/wp-json\/wp\/v2\/types\/post"}],"author":[{"embeddable":true,"href":"https:\/\/www.cronacaonline.it\/index.php\/wp-json\/wp\/v2\/users\/2"}],"replies":[{"embeddable":true,"href":"https:\/\/www.cronacaonline.it\/index.php\/wp-json\/wp\/v2\/comments?post=211530"}],"version-history":[{"count":1,"href":"https:\/\/www.cronacaonline.it\/index.php\/wp-json\/wp\/v2\/posts\/211530\/revisions"}],"predecessor-version":[{"id":211531,"href":"https:\/\/www.cronacaonline.it\/index.php\/wp-json\/wp\/v2\/posts\/211530\/revisions\/211531"}],"wp:featuredmedia":[{"embeddable":true,"href":"https:\/\/www.cronacaonline.it\/index.php\/wp-json\/wp\/v2\/media\/209401"}],"wp:attachment":[{"href":"https:\/\/www.cronacaonline.it\/index.php\/wp-json\/wp\/v2\/media?parent=211530"}],"wp:term":[{"taxonomy":"category","embeddable":true,"href":"https:\/\/www.cronacaonline.it\/index.php\/wp-json\/wp\/v2\/categories?post=211530"},{"taxonomy":"post_tag","embeddable":true,"href":"https:\/\/www.cronacaonline.it\/index.php\/wp-json\/wp\/v2\/tags?post=211530"}],"curies":[{"name":"wp","href":"https:\/\/api.w.org\/{rel}","templated":true}]}}