{"id":211523,"date":"2021-09-06T17:04:02","date_gmt":"2021-09-06T15:04:02","guid":{"rendered":"https:\/\/www.cronacaonline.it\/?p=211523"},"modified":"2021-09-06T17:04:03","modified_gmt":"2021-09-06T15:04:03","slug":"g20-salute-speranza-patto-di-roma-approvato-allunanimita","status":"publish","type":"post","link":"https:\/\/www.cronacaonline.it\/index.php\/2021\/09\/06\/g20-salute-speranza-patto-di-roma-approvato-allunanimita\/","title":{"rendered":"G20 Salute, Speranza: &#8220;Patto di Roma approvato all&#8217;unanimit\u00e0&#8221;."},"content":{"rendered":"\n<p>Roma, 6 Sett 2021 \u2013 \"Da Roma un messaggio al mondo contro il Covid\", annuncia il ministro Roberto Speranza: \"Il G20 si \u00e8 chiuso con un'approvazione all'unanimit\u00e0 del Patto di Roma\", a conclusione della due giorni del G20 della Salute nella capitale italiana. \"L'anno scorso il G20 si chiuse senza una dichiarazione approvata\", ha ricordato.\u00a0<\/p>\n\n\n\n<p>\"Lavoreremo per contrastare il Covid che \u00e8 ancora un nemico insidioso. Noi dobbiamo assumere impegni di bilancio che poi non possono diventare una camicia di forza, noi vogliamo portare il vaccino in tutto il mondo, faremo tutti gli investimenti necessari\", ha detto il ministro&nbsp;nel corso della conferenza stampa al termine del G20 della Salute.<\/p>\n\n\n\n<p>\"Condividiamo l'obiettivo di fondo, quello di agevolare la produzione dei vaccini, portare questa produzione in tutti i territori - ha aggiunto -. L'impegno che abbiamo assunto va in questa direzione\".<\/p>\n\n\n\n<p>\"Vogliamo investire nell'approccio One Health, ovvero guardando a esseri umani, animali e ambiente come un unico ecosistema, per rispondere alle emergenze sanitarie di oggi e di domani\". Lo sottolinea sui social il ministro della Salute, Roberto Speranza, mentre \u00e8 in corso a Roma la seconda e ultima giornata del G20 della Salute.&nbsp; \"Raccogliere e condividere a livello internazionale le informazioni e le migliori pratiche sanitarie. Questo \u00e8 l'impegno di tutti i partecipanti al G20 per migliorare ovunque la qualit\u00e0 della prevenzione e delle cure\", ha aggiunto, post sul suo profilo ufficiale Twitter, il ministro della Salute.<\/p>\n\n\n\n<p>\"La sfida \u00e8 provare ad allargare la forza dei nostri servizi sanitari nazionali, investire di pi\u00f9 e provare a segnare un cambio di passo molto significativo che consenta di difendere l'approccio di universalit\u00e0 del servizio sanitario nazionale\".<\/p>\n\n\n\n<p>La due giorni, presieduta dal ministro italiano, si svolge ai Musei Capitolini, dove furono firmati, nel 1957, i Trattati di Roma, prima tappa nella costruzione di quella che sarebbe diventata Unione europea.<\/p>\n\n\n\n<p>Sul fronte della lotta al Covid-19, spiega il ministro, \"ci sono distanze molto forti tra i Paesi pi\u00f9 ricchi e pi\u00f9 avanzati che hanno percentuali di vaccinati molto significative e ci sono Paesi che invece sono indietro\". L'obiettivo \u00e8 portare il vaccino dappertutto, \"anche nei paesi pi\u00f9 fragili\", aveva sottolineato.<\/p>\n\n\n\n<p>La giornata conclusiva del G20 della Salute si concluder\u00e0 con una dichiarazione condivisa, sottoscritta da tutti i Paesi presenti. Il messaggio, sottolinea Speranza, \u00e8 che \"se una persona sta male va curata, indipendentemente dalla propria condizione economica, indipendentemente dal posto in cui \u00e8 nata, indipendentemente dal colore della pelle. Il Patto di Roma considera questo come essenziale\", conclude il ministro che ancora una volta evidenzia l'importanza della campagna vaccinale anti-Covid bollando come \"inaccettabili\" le minacce 'no-vax' arrivate a diversi giornalisti.<\/p>\n\n\n\n<p>\"Quando ci siamo incontrati virtualmente a Riad l'anno scorso, tutti speravamo che ormai la pandemia fosse sotto controllo\". E invece \"\u00e8 vero l'opposto. Molti Paesi continuano ad affrontare un forte aumento dei casi e dei decessi, nonostante siano stati somministrati pi\u00f9 di 5 miliardi di vaccini in tutto il mondo. Ma quasi il 75% di queste dosi \u00e8 stato somministrato in soli 10 Paesi. L'Africa ha la copertura vaccinale pi\u00f9 bassa, con il 2%. Questo \u00e8 inaccettabile\". Comincia con un forte monito il messaggio inviato al G20 Salute, in corso a Roma, dal direttore generale dell'Organizzazione mondiale della sanit\u00e0 Tedros Adhanom Ghebreyesus, che ricorda come sar\u00e0 possibile raggiungere gli obiettivi prefissati per contenere la pandemia \"solo con l'impegno e il sostegno dei Paesi del G20\".<\/p>\n\n\n\n<p>Nel mondo ci sono 70 Paesi che non hanno ossigeno sufficiente per curare i malati di Covid-19. E molti degli Stati pi\u00f9 in difficolt\u00e0 sono africani, almeno 25, con situazioni particolarmente gravi in Etiopia, Nigeria, Ghana, Benin, Togo, Costa d'Avorio e Somalia. \u00c8 la denuncia di Every Breath Counts, un'associazione che supporta i Paesi pi\u00f9 poveri nella lotta alla polmonite.<\/p>\n\n\n\n<p>\"Uno degli errori commessi\" durante la pandemia \"\u00e8 stata la mancanza di condivisione dei vaccini, perch\u00e9 non possiamo lasciare un continente come l'Africa dipendente per il 99% dalla produzione esterne di vaccini\". Lo ha detto l'immunologo Alberto Mantovani, direttore scientifico dell'Istituto clinico Humanitas e professore emerito dell'Humanitas University a Milano, in collegamento con 'RaiNews24' in diretta da G20 Salute a Roma rispondendo alla domanda sugli errori commessi nell'affrontare l'emergenza Sars-Cov-2.<\/p>\n\n\n\n<p>Secondo Mantovani, sono stati commessi anche altri errori: \"Un coordinamento internazionale, la prevenzione con gli studi sui patogeni degli animali, come li alleviamo e la necessit\u00e0 di fare ricerca. E poi - ha aggiunto - come affrontiamo le pandemia. Abbiamo una grande minaccia che \u00e8 costituita dai batteri resistenti agli antibiotici, dobbiamo avere comportamenti responsabili ed essere preparati\".<\/p>\n\n\n\n<p>\"Desideriamo esprimere grande soddisfazione per gli esiti della prima riunione di ieri dei Ministri della Salute del G20\", dichiara Andrea Iacomini Portavoce dell'Unicef Italia. \"Ci hanno colpito in particolar modo le parole del Ministro della Salute italiano Roberto Speranza che ha parlato di 'Patto di Roma' per garantire non solo il rafforzamento dei sistemi sanitari nazionali ma anche per non lasciare indietro nessuno e garantire vaccini anche ai paesi pi\u00f9 fragili\".<\/p>\n\n\n\n<p>\"Siamo da subito disponibili a fornire tutto il nostro contributo per dare sostegno al Governo sugli impegni contenuti nel Patto di Roma nella consapevolezza che - conclude il responsabile Uniced Italia - non c'\u00e8 e non ci sar\u00e0 sicurezza per nessun Paese al mondo nella lotta contro il Covid se non ci sar\u00e0 equit\u00e0 nella diffusione dei vaccini. Covax rappresenta anche una grande rivoluzione sociale e culturale che speriamo trovi l'impegno di tutti\".<\/p>\n\n\n\n<p>\"Una forte Unione della Salute garantir\u00e0 che l'Ue sia meglio attrezzata per affrontare le crisi future. Ma abbiamo bisogno di una sorveglianza unica globale per le malattie emergenti, comprese le pandemie silenziose come l'Amr (la resistenza agli antibiotici, ndr). Il G20 che agisce insieme pu\u00f2 fare la differenza\". Cos\u00ec la Commissaria Ue alla salute, Stella Kyriakides, su Twitter.<\/p>\n\n\n\n<p>\"L'Ue, i suoi Stati membri e le istituzioni finanziarie, come Team Europe, hanno finora mobilitato oltre 40 miliardi di euro per gli sforzi dei Paesi partner per combattere il Covid-19. Abbiamo sostenuto l'avvio della vaccinazione globale con oltre 3 miliardi di euro a sostegno di Covax\", ha dichiarato Kyriakides, nel suo intervento al G20. \"L'Ue ha dato l'esempio, esportando circa la met\u00e0 della sua produzione. Si tratta di 700 milioni di dosi di vaccino esportate in 130 Paesi in tutto il mondo\", ha evidenziato<\/p>\n\n\n\n<p>&nbsp;\"Se il Covid ha mietuto tante vittime \u00e8 anche perch\u00e9, negli ultimi decenni, in Italia, in Europa e in diverse parti del mondo, la sanit\u00e0 pubblica ha subito tagli indiscriminati in nome di logiche di austerit\u00e0 e di un neoliberismo sfrenato\",&nbsp;dichiara il segretario generale della Uil, PierPaolo Bombardieri, in vista del suo intervento ai lavori del G20 sulla Salute.&nbsp;\"Oltre alla necessita' di cospicui investimenti nel settore - prosegue Bombardieri - noi crediamo che sia indispensabile derogare alla normativa sui brevetti, non solo per i vaccini ma anche per tutti quei dispositivi che sono utili a prevenire il virus o a curare la malattia\".<\/p>\n","protected":false},"excerpt":{"rendered":"<p>Roma, 6 Sett 2021 \u2013 &#8220;Da Roma un messaggio al mondo contro il Covid&#8221;, annuncia il ministro Roberto Speranza: &#8220;Il G20 si \u00e8 chiuso con&#8230;<\/p>\n","protected":false},"author":2,"featured_media":211524,"comment_status":"closed","ping_status":"open","sticky":false,"template":"","format":"standard","meta":[],"categories":[49,51],"tags":[],"_links":{"self":[{"href":"https:\/\/www.cronacaonline.it\/index.php\/wp-json\/wp\/v2\/posts\/211523"}],"collection":[{"href":"https:\/\/www.cronacaonline.it\/index.php\/wp-json\/wp\/v2\/posts"}],"about":[{"href":"https:\/\/www.cronacaonline.it\/index.php\/wp-json\/wp\/v2\/types\/post"}],"author":[{"embeddable":true,"href":"https:\/\/www.cronacaonline.it\/index.php\/wp-json\/wp\/v2\/users\/2"}],"replies":[{"embeddable":true,"href":"https:\/\/www.cronacaonline.it\/index.php\/wp-json\/wp\/v2\/comments?post=211523"}],"version-history":[{"count":1,"href":"https:\/\/www.cronacaonline.it\/index.php\/wp-json\/wp\/v2\/posts\/211523\/revisions"}],"predecessor-version":[{"id":211525,"href":"https:\/\/www.cronacaonline.it\/index.php\/wp-json\/wp\/v2\/posts\/211523\/revisions\/211525"}],"wp:featuredmedia":[{"embeddable":true,"href":"https:\/\/www.cronacaonline.it\/index.php\/wp-json\/wp\/v2\/media\/211524"}],"wp:attachment":[{"href":"https:\/\/www.cronacaonline.it\/index.php\/wp-json\/wp\/v2\/media?parent=211523"}],"wp:term":[{"taxonomy":"category","embeddable":true,"href":"https:\/\/www.cronacaonline.it\/index.php\/wp-json\/wp\/v2\/categories?post=211523"},{"taxonomy":"post_tag","embeddable":true,"href":"https:\/\/www.cronacaonline.it\/index.php\/wp-json\/wp\/v2\/tags?post=211523"}],"curies":[{"name":"wp","href":"https:\/\/api.w.org\/{rel}","templated":true}]}}