{"id":211511,"date":"2021-09-06T12:17:57","date_gmt":"2021-09-06T10:17:57","guid":{"rendered":"https:\/\/www.cronacaonline.it\/?p=211511"},"modified":"2021-09-06T12:17:58","modified_gmt":"2021-09-06T10:17:58","slug":"consiglio-sardegna-i-lavori-del-consiglio-e-delle-commissioni-4","status":"publish","type":"post","link":"https:\/\/www.cronacaonline.it\/index.php\/2021\/09\/06\/consiglio-sardegna-i-lavori-del-consiglio-e-delle-commissioni-4\/","title":{"rendered":"Consiglio Sardegna &#8211; I lavori del Consiglio e delle Commissioni."},"content":{"rendered":"\n<p>Cagliari, 6 Sett 2021 - Il Consiglio regionale riprender\u00e0 i lavori dopo la pausa estiva domani (marted\u00ec 7 settembre) alle 10.00, con una seduta di \u201dQuestion time\u201d dedicata ad interrogazioni, interpellanze e mozioni dei gruppi consiliari.<\/p>\n\n\n\n<p>Per quanto riguarda l\u2019attiva delle commissioni, nel pomeriggio di marted\u00ec, con inizio alle 15.30, si riunir\u00e0 l\u2019ufficio di presidenza della commissione Bilancio (presieduta da Valerio De Giorgi del Misto) per la programmazione dei lavori.<\/p>\n\n\n\n<p>Sempre per marted\u00ec pomeriggio ma alle 16.30, \u00e8 in programma una seduta della commissione Sanit\u00e0 (presieduta dal vice Daniele Cocco di Leu). All\u2019ordine del giorno, oltre alle elezioni di presidente e segretario, le audizioni degli assessori della Pubblica istruzione Andrea Biancareddu e della Sanit\u00e0 Mario Nieddu sulle parti di competenza della Pl n.284 (c.d. \u201clegge omnibus\u201d).<\/p>\n\n\n\n<p>I lavori proseguiranno mercoled\u00ec alle 10.00 con l\u2019audizione di Anci Sardegna sulla situazione dei medici di medicina generale e di libera scelta.<\/p>\n\n\n\n<p>Alle 11.00, durante una seduta congiunta con la commissione Attivit\u00e0 produttive, gli assessori della Sanit\u00e0 Mario Nieddu e dell\u2019Agricoltura Gabriella Murgia riferiranno assieme al direttore dell?istituto Zooprofilattico della Sardegna sulle attivit\u00e0 di contrasto all\u2019epidemia \u201cBlue tongue\u201d.<\/p>\n","protected":false},"excerpt":{"rendered":"<p>Cagliari, 6 Sett 2021 &#8211; Il Consiglio regionale riprender\u00e0 i lavori dopo la pausa estiva domani (marted\u00ec 7 settembre) alle 10.00, con una seduta di&#8230;<\/p>\n","protected":false},"author":2,"featured_media":206988,"comment_status":"closed","ping_status":"open","sticky":false,"template":"","format":"standard","meta":[],"categories":[49,52],"tags":[],"_links":{"self":[{"href":"https:\/\/www.cronacaonline.it\/index.php\/wp-json\/wp\/v2\/posts\/211511"}],"collection":[{"href":"https:\/\/www.cronacaonline.it\/index.php\/wp-json\/wp\/v2\/posts"}],"about":[{"href":"https:\/\/www.cronacaonline.it\/index.php\/wp-json\/wp\/v2\/types\/post"}],"author":[{"embeddable":true,"href":"https:\/\/www.cronacaonline.it\/index.php\/wp-json\/wp\/v2\/users\/2"}],"replies":[{"embeddable":true,"href":"https:\/\/www.cronacaonline.it\/index.php\/wp-json\/wp\/v2\/comments?post=211511"}],"version-history":[{"count":1,"href":"https:\/\/www.cronacaonline.it\/index.php\/wp-json\/wp\/v2\/posts\/211511\/revisions"}],"predecessor-version":[{"id":211512,"href":"https:\/\/www.cronacaonline.it\/index.php\/wp-json\/wp\/v2\/posts\/211511\/revisions\/211512"}],"wp:featuredmedia":[{"embeddable":true,"href":"https:\/\/www.cronacaonline.it\/index.php\/wp-json\/wp\/v2\/media\/206988"}],"wp:attachment":[{"href":"https:\/\/www.cronacaonline.it\/index.php\/wp-json\/wp\/v2\/media?parent=211511"}],"wp:term":[{"taxonomy":"category","embeddable":true,"href":"https:\/\/www.cronacaonline.it\/index.php\/wp-json\/wp\/v2\/categories?post=211511"},{"taxonomy":"post_tag","embeddable":true,"href":"https:\/\/www.cronacaonline.it\/index.php\/wp-json\/wp\/v2\/tags?post=211511"}],"curies":[{"name":"wp","href":"https:\/\/api.w.org\/{rel}","templated":true}]}}