{"id":211509,"date":"2021-09-06T10:41:36","date_gmt":"2021-09-06T08:41:36","guid":{"rendered":"https:\/\/www.cronacaonline.it\/?p=211509"},"modified":"2021-09-06T10:41:38","modified_gmt":"2021-09-06T08:41:38","slug":"dl-sul-passaggio-verde-green-pass-in-aula-alla-camera-oggi-incontro-aziende-sindacati","status":"publish","type":"post","link":"https:\/\/www.cronacaonline.it\/index.php\/2021\/09\/06\/dl-sul-passaggio-verde-green-pass-in-aula-alla-camera-oggi-incontro-aziende-sindacati\/","title":{"rendered":"Dl sul Passaggio Verde (Green pass) in aula alla Camera. Oggi incontro aziende-sindacati."},"content":{"rendered":"\n<p>Roma, 6 Sett 2021 - Sei ore di discussione generale sul decreto Green pass che \u00e8 approdato in aula alla Camera alle 10. Sono in tutto 12 gli iscritti a parlare con un tempo massimo di 30 minuti ciascuno. Fratelli d'Italia \u00e8 in lista con 5 interventi.\u00a0<\/p>\n\n\n\n<p>A quanto si apprende a Montecitorio, si ragiona sulla possibilit\u00e0 che domani il governo ponga la fiducia sul testo.&nbsp; Il testo, tra le altre cose, proroga la validit\u00e0 della certificazione verde da 9 a 12 mesi.&nbsp;Sul Passaggio Verde a Roma incontro Confindustria -sindacati. Il pass sar\u00e0 obbligatorio da ottobre per dipendenti pubblici e lavoratori di bar, ristoranti e palestre Dall'estensione del Green Pass all'obbligo vaccinale, dal telelavoro alla scuola. Prende il via oggi una settimana cruciale sulle norme anti-Covid, in vista di un nuovo imminente decreto che sar\u00e0 varato per la ripresa a pieno ritmo delle attivit\u00e0 produttive.<\/p>\n\n\n\n<p>A met\u00e0 settimana, probabilmente gioved\u00ec, si terr\u00e0 una cabina di regia per portare avanti l'obbligo del certificato verde cominciato il 6 agosto scorso con ristoranti, bar e cinema. La discussione sull'allargamento ad altri settori, ormai dato quasi per certo, sar\u00e0 uno dei temi principali all'ordine del giorno. In cima alla lista dei settori che potrebbero essere coinvolti dall'obbligatoriet\u00e0 ci sono i dipendenti pubblici o comunque chi ha un contatto col pubblico. Si parler\u00e0 poi anche degli autisti del trasporto pubblico, ma anche degli addetti alle mense scolastiche o dei lavoratori delle aziende private. Gi\u00e0 oggi c'\u00e8 un incontro tra Confindustria e sindacati, con questi ultimi che anche oggi hanno ribadito di essere favorevoli alla vaccinazione obbligatoria.<\/p>\n\n\n\n<p>Con alcune regioni che hanno ormai aperto le somministrazioni senza prenotazioni, la campagna procede spedita verso l'80% della platea vaccinata. Un obiettivo che, con ogni probabilit\u00e0, dovrebbe essere raggiunto entro la fine del mese. Il ministro della Salute, Roberto Speranza, avverte: \"O si rafforza ancora la campagna vaccinale, o si \u00e8 costretti a immaginare che a un certo punto bisogner\u00e0 usare misure del passato\". A tenere banco \u00e8, ovviamente, la discussione sull'obbligatoriet\u00e0. Lo stesso Speranza ribadisce che \"se difesa del diritto alla salute e necessit\u00e0 di evitare nuove privazioni di libert\u00e0 ci dovessero portare a questa soluzione, certo non ci spaventeremo e non ci fermeremo\". L'obbligo \u00e8 un'\"estrema ratio\" per il leader del M5S, Giuseppe Conte.<\/p>\n\n\n\n<p>Altro tema caldo \u00e8 anche quello del lavoro da casa. Il ministro Renato Brunetta annuncia che \"non sar\u00e0 abolito\" ma \"\u00e8 auspicabile che resti per una quota fino al 15%\". Da definire anche una piattaforma informatica e quelle che lo stesso ministro chiama le \"regole del gioco\" contrattuali per disconnessione, produttivit\u00e0 e risultati. Il segretario della Cgil, Maurizio Landini, chiede invece che il telelavoro venga regolamentato attraverso i contratti nazionali per preservare i diritti del lavoratori.<\/p>\n\n\n\n<p>Oggi \u00e8 suonata la prima campanella a Bolzano. Archiviati gli esami di riparazione, sar\u00e0 questo il primo vero test sulla ripresa della scuola e sull'obbligo del Green pass per docenti e personale d'istituto.<\/p>\n\n\n\n<p>Questa settimana servir\u00e0 anche per mettere a punto le nuove regole in aula come quella, annunciata dal ministro Bianchi qualche giorno fa ma ancora molto controversa, della possibilit\u00e0 di abbassare le mascherine nelle classi con tutti gli studenti vaccinati. Anche di questo si discuter\u00e0 quasi sicuramente nella cabina di regia, anche se un piano scuola, concordato con le Regioni, \u00e8 gi\u00e0 stato redatto e varato<\/p>\n\n\n\n<p>La nuova settimana potrebbe portare importanti novit\u00e0 anche per le colorazioni delle regioni. Dopo un'estate passata in totale bianco, Sardegna e Calabria rischiano di raggiungere la Sicilia in giallo. In quel caso tornerebbe l'obbligo delle mascherine all'aperto e alcune restrizioni per bar e ristoranti, soprattutto al chiuso. Eventuali decisioni saranno comunque prese dopo i dati del monitoraggio del venerd\u00ec ed entrerebbero in vigore il luned\u00ec successivo.<\/p>\n","protected":false},"excerpt":{"rendered":"<p>Roma, 6 Sett 2021 &#8211; Sei ore di discussione generale sul decreto Green pass che \u00e8 approdato in aula alla Camera alle 10. Sono in&#8230;<\/p>\n","protected":false},"author":2,"featured_media":170909,"comment_status":"closed","ping_status":"open","sticky":false,"template":"","format":"standard","meta":[],"categories":[49,50],"tags":[],"_links":{"self":[{"href":"https:\/\/www.cronacaonline.it\/index.php\/wp-json\/wp\/v2\/posts\/211509"}],"collection":[{"href":"https:\/\/www.cronacaonline.it\/index.php\/wp-json\/wp\/v2\/posts"}],"about":[{"href":"https:\/\/www.cronacaonline.it\/index.php\/wp-json\/wp\/v2\/types\/post"}],"author":[{"embeddable":true,"href":"https:\/\/www.cronacaonline.it\/index.php\/wp-json\/wp\/v2\/users\/2"}],"replies":[{"embeddable":true,"href":"https:\/\/www.cronacaonline.it\/index.php\/wp-json\/wp\/v2\/comments?post=211509"}],"version-history":[{"count":1,"href":"https:\/\/www.cronacaonline.it\/index.php\/wp-json\/wp\/v2\/posts\/211509\/revisions"}],"predecessor-version":[{"id":211510,"href":"https:\/\/www.cronacaonline.it\/index.php\/wp-json\/wp\/v2\/posts\/211509\/revisions\/211510"}],"wp:featuredmedia":[{"embeddable":true,"href":"https:\/\/www.cronacaonline.it\/index.php\/wp-json\/wp\/v2\/media\/170909"}],"wp:attachment":[{"href":"https:\/\/www.cronacaonline.it\/index.php\/wp-json\/wp\/v2\/media?parent=211509"}],"wp:term":[{"taxonomy":"category","embeddable":true,"href":"https:\/\/www.cronacaonline.it\/index.php\/wp-json\/wp\/v2\/categories?post=211509"},{"taxonomy":"post_tag","embeddable":true,"href":"https:\/\/www.cronacaonline.it\/index.php\/wp-json\/wp\/v2\/tags?post=211509"}],"curies":[{"name":"wp","href":"https:\/\/api.w.org\/{rel}","templated":true}]}}