{"id":211475,"date":"2021-09-04T13:52:34","date_gmt":"2021-09-04T11:52:34","guid":{"rendered":"https:\/\/www.cronacaonline.it\/?p=211475"},"modified":"2021-09-04T13:52:35","modified_gmt":"2021-09-04T11:52:35","slug":"raccolta-differenziata-la-giunta-regionale-della-sardegna-approva-latto-di-indirizzo-lassessore-lampis-sardegna-al-secondo-posto-in-italia","status":"publish","type":"post","link":"https:\/\/www.cronacaonline.it\/index.php\/2021\/09\/04\/raccolta-differenziata-la-giunta-regionale-della-sardegna-approva-latto-di-indirizzo-lassessore-lampis-sardegna-al-secondo-posto-in-italia\/","title":{"rendered":"Raccolta differenziata, la Giunta regionale della Sardegna approva l&#8217;atto di indirizzo. L&#8217;assessore Lampis: Sardegna al secondo posto in Italia."},"content":{"rendered":"\n<p>Cagliari, 4 Sett 2021 - La Giunta regionale ha approvato l'Atto di indirizzo per lo sviluppo delle raccolte differenziate dei rifiuti urbani per il triennio 2020-2021-2022, stabilendo il mantenimento per il 2020 e il 2021 dei meccanismi di penalit\u00e0\/premialit\u00e0 per il conseguimento dell'80% di raccolta differenziata al 31.12.2022.<\/p>\n\n\n\n<p>Lo strumento della premialit\u00e0\/penalit\u00e0, dice l'assessore all'Ambiente Gianni Lampis, si \u00e8 rivelato efficace, dato che da un livello di raccolta differenziata del 2,8% del 2002 si \u00e8 arrivati nel 2019 ad una percentuale del 72,9%, contribuendo a collocare la Sardegna al secondo posto fra le Regioni italiane. L'assessore sottolinea che 363 Comuni su 377, cio\u00e8 il 96%, hanno superato l'obiettivo di legge del 65% (contro i 341 del 2018) per una popolazione pari a circa l'80% sul totale; 118 Comuni hanno superato l'80% di raccolta differenziata, cio\u00e8 l'obiettivo che questa Amministrazione si propone di conseguire al 2022, e un Comune, quello di Orosei, ha superato addirittura il 90%.<\/p>\n\n\n\n<p>Per sopperire al progressivo esaurimento dei fondi premialit\u00e0 \/penalit\u00e0 istituiti presso gli impianti smaltimento del territorio regionale, sul bilancio regionale 2021 sono stanziati euro 2.000.000 per consentire il mantenimento del citato meccanismo, destinati al Consorzio industriale provinciale di Villacidro, al Consorzio industriale provinciale Oristanese e al Consorzio per la zona industriale di Macomer.<\/p>\n","protected":false},"excerpt":{"rendered":"<p>Cagliari, 4 Sett 2021 &#8211; La Giunta regionale ha approvato l&#8217;Atto di indirizzo per lo sviluppo delle raccolte differenziate dei rifiuti urbani per il triennio&#8230;<\/p>\n","protected":false},"author":2,"featured_media":209223,"comment_status":"closed","ping_status":"open","sticky":false,"template":"","format":"standard","meta":[],"categories":[49,52],"tags":[],"_links":{"self":[{"href":"https:\/\/www.cronacaonline.it\/index.php\/wp-json\/wp\/v2\/posts\/211475"}],"collection":[{"href":"https:\/\/www.cronacaonline.it\/index.php\/wp-json\/wp\/v2\/posts"}],"about":[{"href":"https:\/\/www.cronacaonline.it\/index.php\/wp-json\/wp\/v2\/types\/post"}],"author":[{"embeddable":true,"href":"https:\/\/www.cronacaonline.it\/index.php\/wp-json\/wp\/v2\/users\/2"}],"replies":[{"embeddable":true,"href":"https:\/\/www.cronacaonline.it\/index.php\/wp-json\/wp\/v2\/comments?post=211475"}],"version-history":[{"count":1,"href":"https:\/\/www.cronacaonline.it\/index.php\/wp-json\/wp\/v2\/posts\/211475\/revisions"}],"predecessor-version":[{"id":211476,"href":"https:\/\/www.cronacaonline.it\/index.php\/wp-json\/wp\/v2\/posts\/211475\/revisions\/211476"}],"wp:featuredmedia":[{"embeddable":true,"href":"https:\/\/www.cronacaonline.it\/index.php\/wp-json\/wp\/v2\/media\/209223"}],"wp:attachment":[{"href":"https:\/\/www.cronacaonline.it\/index.php\/wp-json\/wp\/v2\/media?parent=211475"}],"wp:term":[{"taxonomy":"category","embeddable":true,"href":"https:\/\/www.cronacaonline.it\/index.php\/wp-json\/wp\/v2\/categories?post=211475"},{"taxonomy":"post_tag","embeddable":true,"href":"https:\/\/www.cronacaonline.it\/index.php\/wp-json\/wp\/v2\/tags?post=211475"}],"curies":[{"name":"wp","href":"https:\/\/api.w.org\/{rel}","templated":true}]}}