{"id":211449,"date":"2021-09-03T17:18:04","date_gmt":"2021-09-03T15:18:04","guid":{"rendered":"https:\/\/www.cronacaonline.it\/?p=211449"},"modified":"2021-09-03T17:18:05","modified_gmt":"2021-09-03T15:18:05","slug":"telelavoro-mura-pd-farlo-funzionare-non-tornare-indietro-passare-da-cultura-del-cartellino-a-quella-del-risultato","status":"publish","type":"post","link":"https:\/\/www.cronacaonline.it\/index.php\/2021\/09\/03\/telelavoro-mura-pd-farlo-funzionare-non-tornare-indietro-passare-da-cultura-del-cartellino-a-quella-del-risultato\/","title":{"rendered":"Telelavoro &#8211; Mura (Pd): farlo funzionare non tornare indietro &#8220;Passare da cultura del cartellino a quella del risultato&#8221;."},"content":{"rendered":"\n<p>Cagliari, 3 Sett 2021 - \"Rispetto alla possibilit\u00e0 di riorganizzare il lavoro non si pu\u00f2 tornare indietro: una rinnovata efficienza della PA passa anche da un telelavoro (smart working) che funziona. Con questo spirito pienamente collaborativo interloquiremo con il ministro Brunetta. In commissione abbiamo calendarizzato diverse proposte di legge che normano questo tipo di lavoro a domicilio e nelle prossime settimane intendiamo evidenziare le opportunit\u00e0 del lavoro agile in termini di produttivit\u00e0, migliore qualit\u00e0 della vita, riorganizzazione urbanistica e residenziale\". Lo dichiara la presidente della commissione Lavoro della Camera Romina Mura (Pd), dopo che il ministro della Pubblica Amministrazione Renato Brunetta ha tratteggiato un percorso inteso a riportare tutti i dipendenti al lavoro in presenza.<\/p>\n\n\n\n<p>\"Ci\u00f2 che non ha funzionato nei mesi del confinamento - spiega Mura - \u00e8 il telelavoro o lavoro da casa fatto in condizioni inadeguate e talvolta con un\u2019efficienza ridotta legata anche alla carenza di strumenti informatici e all'impossibilit\u00e0 di accedere da remoto a piattaforme e database\".<\/p>\n\n\n\n<p>\"Con una pubblica amministrazione diversa, efficiente, digitalizzata e arricchita di risorse umane fresche - aggiunge la parlamentare dem \u2013 il telelavoro diventa un'opportunit\u00e0 che si concilia con l'obiettivo di ottenere dalla PA una maggiore produttivit\u00e0. Passare dalla cultura del cartellino a quella del risultato - sottolinea Mura - \u00e8 lo stimolo che potrebbe servire alla nostra pubblica amministrazione per affrontare attrezzata le sfide delle riforme future\". Red<\/p>\n","protected":false},"excerpt":{"rendered":"<p>Cagliari, 3 Sett 2021 &#8211; &#8220;Rispetto alla possibilit\u00e0 di riorganizzare il lavoro non si pu\u00f2 tornare indietro: una rinnovata efficienza della PA passa anche da&#8230;<\/p>\n","protected":false},"author":2,"featured_media":211151,"comment_status":"closed","ping_status":"open","sticky":false,"template":"","format":"standard","meta":[],"categories":[49,52],"tags":[],"_links":{"self":[{"href":"https:\/\/www.cronacaonline.it\/index.php\/wp-json\/wp\/v2\/posts\/211449"}],"collection":[{"href":"https:\/\/www.cronacaonline.it\/index.php\/wp-json\/wp\/v2\/posts"}],"about":[{"href":"https:\/\/www.cronacaonline.it\/index.php\/wp-json\/wp\/v2\/types\/post"}],"author":[{"embeddable":true,"href":"https:\/\/www.cronacaonline.it\/index.php\/wp-json\/wp\/v2\/users\/2"}],"replies":[{"embeddable":true,"href":"https:\/\/www.cronacaonline.it\/index.php\/wp-json\/wp\/v2\/comments?post=211449"}],"version-history":[{"count":1,"href":"https:\/\/www.cronacaonline.it\/index.php\/wp-json\/wp\/v2\/posts\/211449\/revisions"}],"predecessor-version":[{"id":211450,"href":"https:\/\/www.cronacaonline.it\/index.php\/wp-json\/wp\/v2\/posts\/211449\/revisions\/211450"}],"wp:featuredmedia":[{"embeddable":true,"href":"https:\/\/www.cronacaonline.it\/index.php\/wp-json\/wp\/v2\/media\/211151"}],"wp:attachment":[{"href":"https:\/\/www.cronacaonline.it\/index.php\/wp-json\/wp\/v2\/media?parent=211449"}],"wp:term":[{"taxonomy":"category","embeddable":true,"href":"https:\/\/www.cronacaonline.it\/index.php\/wp-json\/wp\/v2\/categories?post=211449"},{"taxonomy":"post_tag","embeddable":true,"href":"https:\/\/www.cronacaonline.it\/index.php\/wp-json\/wp\/v2\/tags?post=211449"}],"curies":[{"name":"wp","href":"https:\/\/api.w.org\/{rel}","templated":true}]}}