{"id":211443,"date":"2021-09-03T14:54:13","date_gmt":"2021-09-03T12:54:13","guid":{"rendered":"https:\/\/www.cronacaonline.it\/?p=211443"},"modified":"2021-09-03T14:54:19","modified_gmt":"2021-09-03T12:54:19","slug":"la-giunta-approva-il-piano-di-ricomposizione-fondiaria-del-3-distretto-uras-terralba-lassessora-murgia-ora-aziende-piu-competitive","status":"publish","type":"post","link":"https:\/\/www.cronacaonline.it\/index.php\/2021\/09\/03\/la-giunta-approva-il-piano-di-ricomposizione-fondiaria-del-3-distretto-uras-terralba-lassessora-murgia-ora-aziende-piu-competitive\/","title":{"rendered":"La giunta approva il piano di ricomposizione fondiaria del 3 distretto Uras-Terralba. L&#8217;assessora Murgia: ora aziende pi\u00f9 competitive."},"content":{"rendered":"\n<p>Cagliari, 3 Sett 2021\u00a0- La Giunta regionale ha deliberato l\u2019approvazione preliminare del Piano di ricomposizione fondiaria del III\u00b0 Distretto di Terralba zona Uras \u2013 I\u00b0 Lotto \u2013 I\u00b0 Stralcio\u201d elaborato dal Consorzio di Bonifica dell\u2019Oristanese.<\/p>\n\n\n\n<p>Esprimiamo soddisfazione per l\u2019approvazione del piano, commenta l\u2019Assessora regionale dell\u2019Agricoltura Gabriella Murgia, che consentir\u00e0 di completare l\u2019azione di ricomposizione fondiaria nell\u2019agro di Uras, previsto nel Piano Regionale di Bonifica, finanziato nell\u2019ambito del \u201cCompletamento dei Riordini fondiari del III\u00b0 Distretto di Terralba zona Mogoro, del III\u00b0 Distretto di Terralba zona Uras, di Zeddiani e di San Vero Milis\u201d. Dei 4 Riordini Fondiari previsti, quelli di Zeddiani e Mogoro sono gi\u00e0 stati ultimati, mentre il Riordino Fondiario di San Vero Milis \u00e8 in fase di ultimazione.<\/p>\n\n\n\n<p>La zona interessata da questo intervento \u00e8 quella ricadente nell\u2019area di competenza dell\u2019ex Consorzio di Bonifica della Piana di Terralba e Arborea e pi\u00f9 precisamente nel 3\u00b0 distretto irriguo del Comune censuario di Uras, nella zona compresa tra i centro abitato di Uras, la strada comunale \u201cBia beccia de Casteddu\u201d, il Rio Mogoro ed il canale di Santa Suina.&nbsp;<\/p>\n\n\n\n<p>La ricomposizione fondiaria ha interessato complessivamente 470 ettari di territorio formato da terreni di elevato potenziale di fertilit\u00e0 e intensamente coltivati, ma caratterizzato da eccessivo frazionamento delle propriet\u00e0.<\/p>\n\n\n\n<p>L\u2019intervento di riordino fondiario \u00e8 stato realizzato attraverso il miglioramento del comprensorio esistente con la creazione di convenienti unit\u00e0 fondiarie costituite da nuovi lotti regolari e col dimensionamento della viabilit\u00e0 principale e secondaria, della canalizzazione di acque, delle fasce frangivento e delle maglie che racchiudono i vari lotti.&nbsp;<\/p>\n\n\n\n<p>La maggior parte dei proprietari interessati ha aderito volontariamente allo studio del Piano, e i lotti riordinati sono stati assegnati.<\/p>\n\n\n\n<p>Con l\u2019approvazione del piano, conclude l\u2019Assessora Murgia, si attiva la fase dei trasferimenti di propriet\u00e0 e dei diritti reali, nonch\u00e9 la costituzione di tutte le servit\u00f9 prediali imposte nel piano stesso, e determina i trasferimenti costituendo titolo per l'apposita trascrizione dei beni immobili trasferiti, consentendo la realizzazione di aziende accorpate in grado di assicurare una migliore competitivit\u00e0 nel settore agricolo. Com<\/p>\n","protected":false},"excerpt":{"rendered":"<p>Cagliari, 3 Sett 2021\u00a0&#8211; La Giunta regionale ha deliberato l\u2019approvazione preliminare del Piano di ricomposizione fondiaria del III\u00b0 Distretto di Terralba zona Uras \u2013 I\u00b0&#8230;<\/p>\n","protected":false},"author":2,"featured_media":0,"comment_status":"closed","ping_status":"open","sticky":false,"template":"","format":"standard","meta":[],"categories":[49,52],"tags":[],"_links":{"self":[{"href":"https:\/\/www.cronacaonline.it\/index.php\/wp-json\/wp\/v2\/posts\/211443"}],"collection":[{"href":"https:\/\/www.cronacaonline.it\/index.php\/wp-json\/wp\/v2\/posts"}],"about":[{"href":"https:\/\/www.cronacaonline.it\/index.php\/wp-json\/wp\/v2\/types\/post"}],"author":[{"embeddable":true,"href":"https:\/\/www.cronacaonline.it\/index.php\/wp-json\/wp\/v2\/users\/2"}],"replies":[{"embeddable":true,"href":"https:\/\/www.cronacaonline.it\/index.php\/wp-json\/wp\/v2\/comments?post=211443"}],"version-history":[{"count":1,"href":"https:\/\/www.cronacaonline.it\/index.php\/wp-json\/wp\/v2\/posts\/211443\/revisions"}],"predecessor-version":[{"id":211444,"href":"https:\/\/www.cronacaonline.it\/index.php\/wp-json\/wp\/v2\/posts\/211443\/revisions\/211444"}],"wp:attachment":[{"href":"https:\/\/www.cronacaonline.it\/index.php\/wp-json\/wp\/v2\/media?parent=211443"}],"wp:term":[{"taxonomy":"category","embeddable":true,"href":"https:\/\/www.cronacaonline.it\/index.php\/wp-json\/wp\/v2\/categories?post=211443"},{"taxonomy":"post_tag","embeddable":true,"href":"https:\/\/www.cronacaonline.it\/index.php\/wp-json\/wp\/v2\/tags?post=211443"}],"curies":[{"name":"wp","href":"https:\/\/api.w.org\/{rel}","templated":true}]}}