{"id":211426,"date":"2021-09-03T09:16:12","date_gmt":"2021-09-03T07:16:12","guid":{"rendered":"https:\/\/www.cronacaonline.it\/?p=211426"},"modified":"2021-09-03T09:16:13","modified_gmt":"2021-09-03T07:16:13","slug":"porto-arbatax-in-autorita-di-sistema-il-presidente-solinas-passaggio-fondamentale-per-il-rilancio","status":"publish","type":"post","link":"https:\/\/www.cronacaonline.it\/index.php\/2021\/09\/03\/porto-arbatax-in-autorita-di-sistema-il-presidente-solinas-passaggio-fondamentale-per-il-rilancio\/","title":{"rendered":"Porto Arbatax in autorit\u00e0 di sistema, il presidente Solinas: passaggio fondamentale per il rilancio."},"content":{"rendered":"\n<p>Cagliari, 3 Sett 2021\u00a0- L'inserimento del Porto di Arbatax nell'Autorit\u00e0 di sistema della Sardegna \u00e8 un punto di partenza per il rilancio dell'Ogliastra, del suo tessuto economico, delle sue potenzialit\u00e0 turistiche e produttive. Il Presidente della Regione Christian Solinas ieri sera ha commentato con soddisfazione il provvedimento, contenuto nel Decreto approvato dal Consiglio dei Ministri. \u00c8 un passaggio fondamentale, sottolinea il Presidente Solinas, per restituire allo scalo ogliastrino quell'importanza strategica che deve rivestire per l'intero territorio, troppo spesso penalizzato da trasporti carenti. Un segnale di attenzione da parte del Governo, dice il Presidente.<\/p>\n\n\n\n<p>Soddisfazione viene espressa anche dall'assessore ai trasporti Giorgio Todde. Oggi, dice l'assessore, scriviamo un pezzo di storia di Arbatax e dell'Ogliastra.&nbsp;Dopo la visita di alcune settimane fa del viceministro alle infrastrutture Alessandro Morelli arriva una ottima notizia. \u00c8 un passo importante,&nbsp;prosegue l'assessore Todde, che sancisce la rilevanza nazionale del Porto ogliastrino, aprendo ora agli investimenti necessari alla sua messa in sicurezza ed al rilancio. Ed \u00e8 il primo passo al quale devono seguire ora il riconoscimento formale dell'area Zes per il retroporto ed l'avvio del progetto strategico del Polo della Nautica. Com<\/p>\n","protected":false},"excerpt":{"rendered":"<p>Cagliari, 3 Sett 2021\u00a0&#8211; L&#8217;inserimento del Porto di Arbatax nell&#8217;Autorit\u00e0 di sistema della Sardegna \u00e8 un punto di partenza per il rilancio dell&#8217;Ogliastra, del suo&#8230;<\/p>\n","protected":false},"author":2,"featured_media":187128,"comment_status":"closed","ping_status":"open","sticky":false,"template":"","format":"standard","meta":[],"categories":[49,52],"tags":[],"_links":{"self":[{"href":"https:\/\/www.cronacaonline.it\/index.php\/wp-json\/wp\/v2\/posts\/211426"}],"collection":[{"href":"https:\/\/www.cronacaonline.it\/index.php\/wp-json\/wp\/v2\/posts"}],"about":[{"href":"https:\/\/www.cronacaonline.it\/index.php\/wp-json\/wp\/v2\/types\/post"}],"author":[{"embeddable":true,"href":"https:\/\/www.cronacaonline.it\/index.php\/wp-json\/wp\/v2\/users\/2"}],"replies":[{"embeddable":true,"href":"https:\/\/www.cronacaonline.it\/index.php\/wp-json\/wp\/v2\/comments?post=211426"}],"version-history":[{"count":1,"href":"https:\/\/www.cronacaonline.it\/index.php\/wp-json\/wp\/v2\/posts\/211426\/revisions"}],"predecessor-version":[{"id":211427,"href":"https:\/\/www.cronacaonline.it\/index.php\/wp-json\/wp\/v2\/posts\/211426\/revisions\/211427"}],"wp:featuredmedia":[{"embeddable":true,"href":"https:\/\/www.cronacaonline.it\/index.php\/wp-json\/wp\/v2\/media\/187128"}],"wp:attachment":[{"href":"https:\/\/www.cronacaonline.it\/index.php\/wp-json\/wp\/v2\/media?parent=211426"}],"wp:term":[{"taxonomy":"category","embeddable":true,"href":"https:\/\/www.cronacaonline.it\/index.php\/wp-json\/wp\/v2\/categories?post=211426"},{"taxonomy":"post_tag","embeddable":true,"href":"https:\/\/www.cronacaonline.it\/index.php\/wp-json\/wp\/v2\/tags?post=211426"}],"curies":[{"name":"wp","href":"https:\/\/api.w.org\/{rel}","templated":true}]}}