{"id":211420,"date":"2021-09-02T19:06:01","date_gmt":"2021-09-02T17:06:01","guid":{"rendered":"https:\/\/www.cronacaonline.it\/?p=211420"},"modified":"2021-09-02T19:06:03","modified_gmt":"2021-09-02T17:06:03","slug":"la-regione-sardegna-al-web-summit-2021-di-lisbona-con-le-start-up-sarde-lassessora-anita-pili-grande-vetrina-per-le-nostre-imprese-che-operano-nella-tecnologia-e-nellinnovazione","status":"publish","type":"post","link":"https:\/\/www.cronacaonline.it\/index.php\/2021\/09\/02\/la-regione-sardegna-al-web-summit-2021-di-lisbona-con-le-start-up-sarde-lassessora-anita-pili-grande-vetrina-per-le-nostre-imprese-che-operano-nella-tecnologia-e-nellinnovazione\/","title":{"rendered":"La Regione Sardegna al web Summit 2021 di Lisbona con le start up sarde. L\u2019assessora Anita Pili: grande vetrina per le nostre imprese che operano nella tecnologia e nell\u2019innovazione."},"content":{"rendered":"\n<p>Cagliari, 2 Sett 2021\u00a0- La Regione promuove le start up sarde al Web Summit in programma a Lisbona dal 1 al 4 novembre. Sardegna Ricerche, in collaborazione con l'Assessorato dell'Industria e nell'ambito delle attivit\u00e0 previste dal Programma regionale triennale per l'internazionalizzazione, sar\u00e0 il veicolo per illustrare nel prestigioso appuntamento internazionale alcune iniziative di alta tecnologia e innovazione.<\/p>\n\n\n\n<p>Il Web Summit, ricorda l\u2019assessora all\u2019Industria Anita Pili, \u00e8 il pi\u00f9 importante evento annuale europeo dedicato alla tecnologia e all'innovazione digitale. La Sardegna ci sar\u00e0: la Regione acquisir\u00e0 uno spazio espositivo all'interno di un'area \"Alpha\/Startup\" per un massimo di 8 startup innovative. Crediamo fortemente nell\u2019innovazione tecnologica, dice l\u2019assessora Pili, e non potevano non offrire alle start up sarde un\u2019occasione per affacciarsi alla manifestazione, che richiama interesse da tutto il mondo.<\/p>\n\n\n\n<p>L'edizione 2021 si terr\u00e0 in presenza a Lisbona dal 1\u00b0 al 4 novembre 2021. Il programma prevede una serie di conferenze di alto livello, con relatori quali Brad Smith (Presidente di Microsoft), Werner Vogels (CTO di Amazon), Stephen Kaufer (CEO di Tripadvisor) e Roula Khalaf (Redattore capo del Financial Times).<\/p>\n\n\n\n<p>Le startup selezionate potranno partecipare alle iniziative dedicate alle nuove imprese tra cui attivit\u00e0 di coaching (\"Mentor Hours\"), una competizione di pitch e incontri con potenziali investitori.<\/p>\n\n\n\n<p>Le imprese interessate dovranno inviare la propria manifestazione d'interesse entro le ore 12:00 del 17 settembre 2021 al seguente indirizzo di posta elettronica certificata (PEC):&nbsp;<a href=\"javascript:webmail.View.mailto(%7bmailto:'protocollo@cert.sardegnaricerche.it',%20subject:%20''%7d)\">protocollo@cert.sardegnaricerche.it<\/a><\/p>\n","protected":false},"excerpt":{"rendered":"<p>Cagliari, 2 Sett 2021\u00a0&#8211; La Regione promuove le start up sarde al Web Summit in programma a Lisbona dal 1 al 4 novembre. Sardegna Ricerche,&#8230;<\/p>\n","protected":false},"author":2,"featured_media":209712,"comment_status":"closed","ping_status":"open","sticky":false,"template":"","format":"standard","meta":[],"categories":[49,52],"tags":[],"_links":{"self":[{"href":"https:\/\/www.cronacaonline.it\/index.php\/wp-json\/wp\/v2\/posts\/211420"}],"collection":[{"href":"https:\/\/www.cronacaonline.it\/index.php\/wp-json\/wp\/v2\/posts"}],"about":[{"href":"https:\/\/www.cronacaonline.it\/index.php\/wp-json\/wp\/v2\/types\/post"}],"author":[{"embeddable":true,"href":"https:\/\/www.cronacaonline.it\/index.php\/wp-json\/wp\/v2\/users\/2"}],"replies":[{"embeddable":true,"href":"https:\/\/www.cronacaonline.it\/index.php\/wp-json\/wp\/v2\/comments?post=211420"}],"version-history":[{"count":1,"href":"https:\/\/www.cronacaonline.it\/index.php\/wp-json\/wp\/v2\/posts\/211420\/revisions"}],"predecessor-version":[{"id":211421,"href":"https:\/\/www.cronacaonline.it\/index.php\/wp-json\/wp\/v2\/posts\/211420\/revisions\/211421"}],"wp:featuredmedia":[{"embeddable":true,"href":"https:\/\/www.cronacaonline.it\/index.php\/wp-json\/wp\/v2\/media\/209712"}],"wp:attachment":[{"href":"https:\/\/www.cronacaonline.it\/index.php\/wp-json\/wp\/v2\/media?parent=211420"}],"wp:term":[{"taxonomy":"category","embeddable":true,"href":"https:\/\/www.cronacaonline.it\/index.php\/wp-json\/wp\/v2\/categories?post=211420"},{"taxonomy":"post_tag","embeddable":true,"href":"https:\/\/www.cronacaonline.it\/index.php\/wp-json\/wp\/v2\/tags?post=211420"}],"curies":[{"name":"wp","href":"https:\/\/api.w.org\/{rel}","templated":true}]}}