{"id":211411,"date":"2021-09-02T17:24:55","date_gmt":"2021-09-02T15:24:55","guid":{"rendered":"https:\/\/www.cronacaonline.it\/?p=211411"},"modified":"2021-09-02T17:24:57","modified_gmt":"2021-09-02T15:24:57","slug":"conferenza-stampa-del-presidente-del-consiglio-mario-draghi-si-a-obbligo-vaccinale-e-terza-dose-tutte-le-opposizione-leghiste-spazzate-via-in-un-solo-colpo","status":"publish","type":"post","link":"https:\/\/www.cronacaonline.it\/index.php\/2021\/09\/02\/conferenza-stampa-del-presidente-del-consiglio-mario-draghi-si-a-obbligo-vaccinale-e-terza-dose-tutte-le-opposizione-leghiste-spazzate-via-in-un-solo-colpo\/","title":{"rendered":"Conferenza stampa del presidente del Consiglio Mario Draghi: &#8220;S\u00ec a obbligo vaccinale e terza dose&#8221;. Tutte le opposizione leghiste spazzate via in un solo colpo."},"content":{"rendered":"\n<p>Roma, 2 Sett 2021 - Conferenza stampa questo pomeriggio a Palazzo Chigi sulla ripresa dell'attivit\u00e0 del Governo del presidente del Consiglio, Mario Draghi, con i ministri Enrico Giovannini (Infrastrutture e Mobilit\u00e0 sostenibili), Patrizio Bianchi (Istruzione) e Roberto Speranza (Salute) e Maria Stella Gelmini (Affari Regionali).<\/p>\n\n\n\n<p>\"La campagna&nbsp;procede spedita, verso la fine di settembre sar\u00e0 vaccinato&nbsp;l'80% della popolazione, gi\u00e0 oggi siamo al 70% completamente vaccinato\". Cos\u00ec&nbsp;Draghi aprendo l'incontro con la stampa, che segue il Cdm di stamane con all'ordine del giorno&nbsp;infrastrutture e incendi.&nbsp;\"Voglio esprimere solidariet\u00e0 piena a tutti coloro che sono stati oggetto di violenza da parte dei no vax, una violenza particolarmente odiosa e vigliacca quando fatta nei confronti di chi fa formazione e di chi \u00e8 in prima linea a combattere la pandemia\".<\/p>\n\n\n\n<p>\"La campagna vaccinale \u00e8 stata abbracciata con grande entusiasmo dai giovani, l'adesione massiccia dei giovani e la copertura estesa a livello nazionale ci permette di affrontare con una certa tranquillit\u00e0 e con minore incertezza dell'anno scorso l'apertura delle scuole. La scuola in presenza \u00e8 sempre stata una priorit\u00e0\" ha aggiunto il presidente del consiglio.<\/p>\n\n\n\n<p>\"L'applicazione del green pass mi pare stia andando bene. Sui trasporti ci saranno sempre dei casi di foto di mezzi pieni, ma in generale la preparazione \u00e8 stata ben fatta\" ha detto Draghi. Sull'estensione della validit\u00e0 del certificato verde, \"ne stiamo discutendo con il ministro Speranza, l'orientamento \u00e8 s\u00ec, andr\u00e0 esteso, per decidere quali passi, quali settori, ci sar\u00e0 una cabina di regia come per altro \u00e8 stato chiesto dal senatore Salvini, ma s\u00ec l'orientamento \u00e8 quello\".<\/p>\n\n\n\n<p>\"Come sapete l'economia continua a crescere anche molto pi\u00f9 delle aspettative, basta vedere le cifre previste dal Mef a marzo, questo ci d\u00e0 incoraggiamento e anche il mercato del lavoro va bene\"&nbsp;ha continuato Draghi.<\/p>\n\n\n\n<p>\"Non credo valga la pena compiacersi troppo di queste cifre\" di crescita dell'economia, \"sono alte, ma \u00e8 anche vero che siamo caduti in una maniera che non si vedeva da decenni, in Italia nel 2020: \u00e8 in parte un grande rimbalzo che sta accadendo in tutti i Paesi. La vera sfida sar\u00e0 riuscire a mantenere il tasso di crescita considerevolmente pi\u00f9 elevato di quanto fosse prima della pandemia, \u00e8 l\u00ec che si vede la capacit\u00e0 dell'economia italiana di diventare strutturalmente pi\u00f9 solida. Intanto vediamo buone notizie\".<\/p>\n\n\n\n<p>\"Sulle riforme&nbsp;il governo ha un'agenda molto fitta\", dalla \"concorrenza\" alla \"giustizia\". Poi dovremo affrontare il problema fondamentale delle politiche attive del lavoro. \u00c8 prevedibile che molti settori dovranno ristrutturarsi\" ha sottolineato il premier.<\/p>\n\n\n\n<p>\"Con il presidente francese Emanuel Macron questa sera si parler\u00e0&nbsp;di Afghanistan, di Europa, di Libia. Sar\u00e0&nbsp;una conversazione a tutto tondo. Bisogna concentrare l'attenzione sul futuro immediato. Dobbiamo aiutare gli afghani\" ha quindi detto Draghi, anticipando i temi dell'incontro a Marsiglia con Macron e ringraziando poi tutto il personale italiano che ha permesso di completare il piano d'evacuazione da Kabul.&nbsp;\"Il salvataggio degli afghani ha ancora una volta dimostrato la povert\u00e0 dell'Ue per quel che riguarda la gestione dell'immigrazione, \u00e8 un problema mondiale e l'Ue unita da tanti principi non riesce ad affrontarlo, questo \u00e8 una spina nella stessa esistenza della Ue, ne parlo oggi con Macron. Davanti a quella tragedia immane ci sono Paesi che hanno detto: non vogliamo rifugiati. Non so se ricordate. Ma come si fa?\"&nbsp;ha commentato il presidente del consiglio.<\/p>\n\n\n\n<p>\"Un incontro a tre secondo me dovrebbe essere interessante, Lamorgese e Salvini possono dire i loro punti di vista, Salvini cosa non va soprattutto se \u00e8 raffrontabile a quello che non andava 4-5 anni fa cio\u00e8 prima della pandemia. Se Lamorgese vorr\u00e0 si far\u00e0 volentieri magari non in tv o in streaming...\" ha quindi precisato Draghi&nbsp;sull'incontro a 3 con Lamorgese chiesto da Matteo Salvini.<\/p>\n\n\n\n<p>\"La collaborazione fra conferenza delle Regioni e governo \u00e8 sicuramente un elemento molto positivo e dimostra che quando le regioni ricevono dallo Stato indicazioni e regole chiare sulla campagna vaccinale questo si trasforma in un elemento fondamentale per la buona riuscita delle vaccinazioni\". Lo ha detto il ministro per gli Affari Regionali, Mariastella Gelmini, intervenendo alla conferenza stampa a Palazzo Chigi. \"Siamo convinti che questa collaborazione, anche con la Protezione Civile e la struttura commissariale possa portarci all'obiettivo del superamento dell'80\/85% di persone vaccinate\".<\/p>\n\n\n\n<p>\"Ieri, primo settembre, tutte le nostre 8.500 scuole hanno riaperto con il mandato di portare dal 13 settembre tutti i ragazzi in presenza e in piena sicurezza\" ha&nbsp;dichiarato il ministro dell'Istruzione, Patrizio Bianchi. \"Dove ci sono classi di vaccinati si possono togliere le&nbsp;mascherine&nbsp;e si pu\u00f2 tornare a sorridere\", ha aggiunto. \"Le regole\" a scuola - ha sottolineato - \"sono quelle del Cts: mascherina, distanziamento e regole di igiene fondamentale\". \"Arriviamo a settembre con una grande voglia e partecipazione di tutti: il 91,5% del personale si \u00e8 vaccinato e i ragazzi, giorno dopo giorno, aumentano sempre di pi\u00f9, soprattutto tra i 16 e i 19 anni. Il generale Figliuolo far\u00e0 un'operazione di screening per i 6-14, per garantire anche i pi\u00f9 piccoli\" ha concluso il ministro dell'Istruzione.<\/p>\n\n\n\n<p>\"Devo ringraziare i gestori e i viaggiatori\" per aver aderito pienamente alle nuove disposizioni sull'obbligo di Green pass per i trasporti, ha detto il ministro delle Infrastrutture e della Mobilit\u00e0&nbsp;Sostenibili, Enrico Giovannini al termine del Consiglio dei ministri precisando che \"ieri sera Trenitalia&nbsp;ci ha comunicato che il numero di persone sprovviste ieri di Green pass sui treni a lunga percorrenza era dello 0,2% dei passeggeri, ovvero poco pi\u00f9 di 70 persone\". Un dato che, afferma&nbsp;\"testimonia la precisione dei controlli ma anche l'adesione cittadini a queste nuove misure\".<\/p>\n\n\n\n<p>''Fortissima collaborazione con le Regioni&nbsp;sul trasporto pubblico locale. Abbiamo definito le linee guida&nbsp;concordate con loro. \u00c8 una sfida difficile e oggi \u00e8 la scadenza entro la quale le Regioni devono inviare i loro piani per il potenziamento&nbsp;dei servizi. Per il secondo trimestre il governo ha messo a&nbsp;disposizione 618 milioni di euro. I fondi aggiuntivi possono essere usati anche per il potenziamento dei&nbsp;controlli'' ha&nbsp;spiegato il&nbsp;ministro.<\/p>\n\n\n\n<p>\"La situazione epidemiologica nel Paese \u00e8 in questo momento stabile. Ad agosto si sono tenute limitazioni molto leggere rispetto ai mesi precedenti e ci\u00f2 significa che la campagna di vaccinazione \u00e8 la vera arma che abbiamo e abbiamo superato il 70% della popolazione vaccinabile che ha completato il ciclo e entro la fine di settembre raggiungeremo l'80% che \u00e8 un risultato alla nostra portata\" ha detto il ministro della Salute, Roberto Speranza, in conferenza stampa. \"Ieri abbiamo registrato 78 milioni&nbsp;di somministrazioni e il 70% della popolazione vaccinabile ha&nbsp;completato il ciclo\" ha ricordato Speranza. \"Il lavoro del commissario Figliuolo procede in modo molto positivo in stretta&nbsp;sinergia con le Regioni&nbsp;e ci porter\u00e0 entro la fine di settembre a raggiungere l'80% della popolazione vaccinata\".<\/p>\n\n\n\n<p>\"La riapertura delle scuole in presenza \u00e8 priorit\u00e0 assoluta e spero che presto avremo un numero alto di classi in cui tutti saranno vaccinati e ci\u00f2 consentir\u00e0 di allentare le misure e togliere le mascherine- ha confermato Speranza.&nbsp;\"Il messaggio che dobbiamo dare \u00e8 quindi che il vaccino \u00e8 l'arma fondamentale per chiudere questa stagione e aprirne un'altra. I vaccini sono efficaci e sicuri\" ha concluso.<\/p>\n\n\n\n<p>Il ministro per il Sud e la Coesione Territoriale, Mara Carfagna, ha anticipato che il consiglio dei Ministri ha dato il via libera al Dl Infrastrutture.&nbsp;\"Il capitolo Sud del Dl Infrastrutture \u00e8 una svolta nel superamento delle diseguaglianze tra Nord e Sud e nel riscatto delle regioni meridionali: con le misure approvate oggi cominciamo a demolire il Muro invisibile che divide il Mezzogiorno dal resto del Paese in materia di infrastrutture, edilizia scolastica, progettazione territoriale\" ha commentato Carfagna. \"Quattro i punti di interesse per il Sud. La nuova norma sulla perequazione, concordata in sede di Conferenza Stato Regioni, consentir\u00e0 finalmente di sbloccare il Fondo perequativo infrastrutturale con una dotazione di 4,6 miliardi di euro per gli anni 2022-33, al fine di assicurare il recupero del divario tra le diverse aree geografiche del territorio nazionale. L'inserimento del Ministro per il Sud e la Coesione territoriale nella cabina di regia per l'edilizia scolastica - aggiunge Carfagna - garantir\u00e0 un riparto di risorse pi\u00f9 equo sul piano territoriale per la costruzione di scuole dell'infanzia e asili nido. Le nuove disposizioni sulla progettazione territoriale, con la dotazione di 120 milioni di euro, consentiranno a 4.600 Comuni italiani (tutti quelli sotto i 30mila abitanti nel Sud e nelle aree interne) di dotarsi di un 'parco progetti' adeguato alle tante opportunit\u00e0 che ai Comuni stessi vengono offerte in questi anni, con il PNRR, con il FSC, con i fondi strutturali. Inoltre la misura agevolativa 'Resto al Sud' \u00e8 estesa ai territori insulari dei comuni localizzati nelle isole minori (Campo nell'Elba, Capoliveri, Capraia, Giglio, Marciana, Marciana Marina, Ponza, Porto Azzurro, Portoferraio, Portovenere, Rio e Ventotene)\".<\/p>\n\n\n\n<p>\"Troppo spesso in passato - dice ancora il ministro - abbiamo visto destinare al Sud dotazioni solo 'di facciata', che in realt\u00e0 venivano assorbite altrove: ringrazio il premier Mario Draghi e tutti i colleghi per la sensibilit\u00e0 con cui hanno preso atto di questo problema e per la determinazione con cui hanno deciso di affrontarlo senza ulteriori rinvii\".<\/p>\n\n\n\n<p>Via libera del Cdm anche al Dl incendi, che velocizza e&nbsp;ottimizza le procedure di intervento, stanzia risorse importanti per&nbsp;aiutare aziende e cittadini colpiti negli ultimi mesi e inasprisce le pene per i piromani.<\/p>\n","protected":false},"excerpt":{"rendered":"<p>Roma, 2 Sett 2021 &#8211; Conferenza stampa questo pomeriggio a Palazzo Chigi sulla ripresa dell&#8217;attivit\u00e0 del Governo del presidente del Consiglio, Mario Draghi, con i&#8230;<\/p>\n","protected":false},"author":2,"featured_media":211412,"comment_status":"closed","ping_status":"open","sticky":false,"template":"","format":"standard","meta":[],"categories":[49,50],"tags":[],"_links":{"self":[{"href":"https:\/\/www.cronacaonline.it\/index.php\/wp-json\/wp\/v2\/posts\/211411"}],"collection":[{"href":"https:\/\/www.cronacaonline.it\/index.php\/wp-json\/wp\/v2\/posts"}],"about":[{"href":"https:\/\/www.cronacaonline.it\/index.php\/wp-json\/wp\/v2\/types\/post"}],"author":[{"embeddable":true,"href":"https:\/\/www.cronacaonline.it\/index.php\/wp-json\/wp\/v2\/users\/2"}],"replies":[{"embeddable":true,"href":"https:\/\/www.cronacaonline.it\/index.php\/wp-json\/wp\/v2\/comments?post=211411"}],"version-history":[{"count":1,"href":"https:\/\/www.cronacaonline.it\/index.php\/wp-json\/wp\/v2\/posts\/211411\/revisions"}],"predecessor-version":[{"id":211413,"href":"https:\/\/www.cronacaonline.it\/index.php\/wp-json\/wp\/v2\/posts\/211411\/revisions\/211413"}],"wp:featuredmedia":[{"embeddable":true,"href":"https:\/\/www.cronacaonline.it\/index.php\/wp-json\/wp\/v2\/media\/211412"}],"wp:attachment":[{"href":"https:\/\/www.cronacaonline.it\/index.php\/wp-json\/wp\/v2\/media?parent=211411"}],"wp:term":[{"taxonomy":"category","embeddable":true,"href":"https:\/\/www.cronacaonline.it\/index.php\/wp-json\/wp\/v2\/categories?post=211411"},{"taxonomy":"post_tag","embeddable":true,"href":"https:\/\/www.cronacaonline.it\/index.php\/wp-json\/wp\/v2\/tags?post=211411"}],"curies":[{"name":"wp","href":"https:\/\/api.w.org\/{rel}","templated":true}]}}