{"id":211409,"date":"2021-09-02T17:14:34","date_gmt":"2021-09-02T15:14:34","guid":{"rendered":"https:\/\/www.cronacaonline.it\/?p=211409"},"modified":"2021-09-02T17:14:36","modified_gmt":"2021-09-02T15:14:36","slug":"ganau-pd-solidarieta-ai-pazienti-dellospedale-di-ittiri-e-alle-loro-famiglie-indecente-un-trasferimento-coatto-di-malati","status":"publish","type":"post","link":"https:\/\/www.cronacaonline.it\/index.php\/2021\/09\/02\/ganau-pd-solidarieta-ai-pazienti-dellospedale-di-ittiri-e-alle-loro-famiglie-indecente-un-trasferimento-coatto-di-malati\/","title":{"rendered":"Ganau, PD: solidariet\u00e0 ai pazienti dell\u2019ospedale di Ittiri e alle loro famiglie. Indecente un trasferimento coatto di malati."},"content":{"rendered":"\n<p>Cagliari, 2 Sett 2021 \u2013 Il consigliere regionale e capogruppo Pd, Ganau, afferma in una nota che \u201cQuanto accade in questi giorni a Ittiri, con la chiusura del reparto di lungodegenza dell\u2019ospedale G. Alivesi \u00e8 inaccettabile. Il reparto ospita 15 pazienti, molti in condizioni critiche o terminali per alcuni dei quali \u00e8 stato gi\u00e0 attuato il trasferimento a Ghilarza, a 100km di distanza, rendendo ancora pi\u00f9 difficile la loro condizione e l\u2019assistenza da parte dei loro familiari.<\/p>\n\n\n\n<p>La decisione del Commissario \u2013 continua Ganau - che di fatto priva la cittadina e il territorio di un presidio essenziale a garantire il diritto alla salute, motivata dall\u2019urgenza temporanea di potenziare il reparto Covid di Alghero non pu\u00f2 pesare sulle fragili vite di persone gi\u00e0 duramente provate e su un territorio, quello del nord ovest dell\u2019Isola, che ha gi\u00e0 subito e paga l\u2019evidente l\u2019assenza di seria programmazione e gestione della sanit\u00e0.<\/p>\n\n\n\n<p>Quel che appare ancora pi\u00f9 incredibile che della chiusura non sia stata data comunicazione neanche al Sindaco che come noto \u00e8 la massima autorit\u00e0 in campo sanitario n\u00e9 siano stati avvisati per tempo i familiari dei pazienti. Un modo di procedere incivile che tra l'altro priva di una importante valvola di sfogo i reparti di medicina di Sassari ed Alghero, sovraccarichi di pazienti.<\/p>\n\n\n\n<p>\u00c8 possibile \u2013 conclude il comunicato - affrontare l\u2019emergenza senza penalizzare chi \u00e8 pi\u00f9 fragile? Dove sono i rinforzi del personale sanitario che erano previsti per far fronte alle necessit\u00e0?&nbsp;<\/p>\n\n\n\n<p>Vogliamo sperare che si trovino immediatamente soluzioni differenti per rispondere a esigenze che, a quasi due anni dall\u2019inizio della pandemia, devono essere programmate e gestite senza pregiudicare il diritto alla salute che deve valere egualmente per tutti i cittadini sardi\u201d. Com<\/p>\n","protected":false},"excerpt":{"rendered":"<p>Cagliari, 2 Sett 2021 \u2013 Il consigliere regionale e capogruppo Pd, Ganau, afferma in una nota che \u201cQuanto accade in questi giorni a Ittiri, con&#8230;<\/p>\n","protected":false},"author":2,"featured_media":7831,"comment_status":"closed","ping_status":"open","sticky":false,"template":"","format":"standard","meta":[],"categories":[49,52],"tags":[],"_links":{"self":[{"href":"https:\/\/www.cronacaonline.it\/index.php\/wp-json\/wp\/v2\/posts\/211409"}],"collection":[{"href":"https:\/\/www.cronacaonline.it\/index.php\/wp-json\/wp\/v2\/posts"}],"about":[{"href":"https:\/\/www.cronacaonline.it\/index.php\/wp-json\/wp\/v2\/types\/post"}],"author":[{"embeddable":true,"href":"https:\/\/www.cronacaonline.it\/index.php\/wp-json\/wp\/v2\/users\/2"}],"replies":[{"embeddable":true,"href":"https:\/\/www.cronacaonline.it\/index.php\/wp-json\/wp\/v2\/comments?post=211409"}],"version-history":[{"count":1,"href":"https:\/\/www.cronacaonline.it\/index.php\/wp-json\/wp\/v2\/posts\/211409\/revisions"}],"predecessor-version":[{"id":211410,"href":"https:\/\/www.cronacaonline.it\/index.php\/wp-json\/wp\/v2\/posts\/211409\/revisions\/211410"}],"wp:featuredmedia":[{"embeddable":true,"href":"https:\/\/www.cronacaonline.it\/index.php\/wp-json\/wp\/v2\/media\/7831"}],"wp:attachment":[{"href":"https:\/\/www.cronacaonline.it\/index.php\/wp-json\/wp\/v2\/media?parent=211409"}],"wp:term":[{"taxonomy":"category","embeddable":true,"href":"https:\/\/www.cronacaonline.it\/index.php\/wp-json\/wp\/v2\/categories?post=211409"},{"taxonomy":"post_tag","embeddable":true,"href":"https:\/\/www.cronacaonline.it\/index.php\/wp-json\/wp\/v2\/tags?post=211409"}],"curies":[{"name":"wp","href":"https:\/\/api.w.org\/{rel}","templated":true}]}}