{"id":211401,"date":"2021-09-02T15:07:03","date_gmt":"2021-09-02T13:07:03","guid":{"rendered":"https:\/\/www.cronacaonline.it\/?p=211401"},"modified":"2021-09-02T15:07:04","modified_gmt":"2021-09-02T13:07:04","slug":"consiglio-sardegna-situazione-dei-pronto-soccorso-di-cagliari-e-sassari-audizione-in-commissione-salute","status":"publish","type":"post","link":"https:\/\/www.cronacaonline.it\/index.php\/2021\/09\/02\/consiglio-sardegna-situazione-dei-pronto-soccorso-di-cagliari-e-sassari-audizione-in-commissione-salute\/","title":{"rendered":"Consiglio Sardegna &#8211; Situazione dei pronto soccorso di Cagliari e Sassari, audizione in commissione Salute."},"content":{"rendered":"\n<p>Cagliari, 2 Sett 2021 \u2013\u00a0I medici, gli infermieri e gli operatori sanitari dei pronto soccorso sono sfiniti: da un anno e mezzo lavorano senza sosta per curare e salvare il maggior numero di pazienti colpiti dal Covid e affetti da altre patologie. I medici non sono sufficienti per lavorare in continua emergenza, mancano gli infermieri e gli oss. E\u2019 quanto \u00e8 emerso nel corso della seduta della commissione Salute, presieduta dal vice presidente Daniele Cocco, che ha sentito ieri in audizione i direttori dei pronto soccorso di Cagliari e Sassari, il commissario straordinario Arnas, Paolo Cannas, la commissaria dell\u2019Aou di Cagliari, Agnese Foddis, il commissario straordinario dell\u2019Aou di Sassari, Antonio Lorenzo Spano. Nel corso della seduta \u00e8 emerso, anche, che entro ottobre, a conclusione del concorso per gli infermieri, sar\u00e0 disponibile una graduatoria di circa 1400 idonei da cui attingere. Per gli operatori socio sanitari, invece, il consigliere regionale dell\u2019Udc Cambiamo, Giorgio Oppi, ha proposto di fare selezioni per ogni Asl, cos\u00ec da velocizzare le assunzioni. Proposta che ha trovato l\u2019appoggio della consigliera del M5S, Desir\u00e9 Manca, che ha sottolineato come una soluzione di questo tipo trover\u00e0 sicuramente il favore di tutta la minoranza.<\/p>\n\n\n\n<p>Per il pronto soccorso dell\u2019Azienda ospedaliera universitaria di Cagliari \u00e8 intervenuta la direttrice Rosanna Laconi: \u201cLa situazione \u00e8 molto difficile anche perch\u00e9 siamo sotto pressione da molto tempo. Abbiamo avuto un mese di agosto molto duro, perch\u00e9 i numeri sono saliti enormemente e la capacit\u00e0 e la possibilit\u00e0 di ricoverare questi pazienti nelle strutture covid era veramente molto scarsa\u201d. La direttrice del pronto soccorso ha evidenziato che nel reparto ci sono pazienti covid in attesa di ricovero e che ad agosto c\u2019\u00e8 stata una degenza media di 3,5 giorni. \u201cStiamo rincorrendo il virus \u2013 ha detto - non riusciamo a garantire una risposta efficace ai pazienti che arrivano al pronto soccorso. E\u2019 chiaro che questa situazione sta compromettendo l\u2019assistenza per tutti gli altri pazienti, perch\u00e9 noi e il Brotzu siamo gli unici due pronto soccorso nell\u2019area metropolitana\u201d.&nbsp; Per Laconi la situazione \u00e8 difficile anche perch\u00e9 il personale \u00e8 stanco e troppo sotto pressione. Per la dottoressa non c\u2019\u00e8 una grave carenza di personale medico, ma ci sono grossi problemi per la mancanza di oss, che sono fondamentali nell\u2019assistenza. Per la commissaria straordinaria dell\u2019Aou di Cagliari, Foddis: \u201cLa situazione del personale \u00e8 delicata, in quanto \u00e8 sufficiente che qualcuno si assenti per qualunque motivo per mandare in crisi la struttura\u201d. Dal punto di vista logistico non ci sono problemi, ha detto, \u201cma i numeri sono talmente alti che ci sono comunque i pazienti che attendono anche sette ore in ambulanza\u201d. Il pronto soccorso dell\u2019Aou ad agosto ha visitato 3.400 persone e \u201c106 pazienti Covid, di questi ultimi il 62% \u00e8 rimasto ricoverati in Obi per una media di 3,5 giorni, gli altri sono stati dimessi o sono andati all\u2019ospedale Covid\u201d. Rosanna Laconi ha sottolineato la criticit\u00e0 dell\u2019accettazione Covid al Binaghi, che andrebbe rivista, perch\u00e9 pu\u00f2 accettare un paziente solo se c\u2019\u00e8 un posto letto disponibile e, se non c\u2019\u00e8 deve rimane in pronto soccorso. Una richiesta di maggiore filtro da parte dell\u2019Usca \u00e8 arrivata anche dal direttore del pronto soccorso del Brotzu, Fabrizio Polo, che ha condiviso quanto detto dalla collega Laconi, e ha evidenziato che anche al Brotzu ci sono 4 pazienti Covid con una degenza media intorno alle 48 ore.&nbsp; Questa situazione ha comportato che quello che era un reparto di appoggio del Pronto soccorso con 12 posti letto, sia stato trasformato in una semi intensiva Covid con pazienti, prevalentemente, in ventilazione assistita. Da qui, spiega Polo, la mancanza di uno spazio che consentiva di tenere in pronto soccorso i pazienti fino alla dimissione, mentre adesso \u00e8 necessario mandarli in reparto. Polo ha sottolineato anche che, essendo il Brotzu un hub per moltissime patologie iperspecialistiche, come la neurochirurgia, la cardiochirurgia, il trauma cranico, arrivano tanti codici rossi, circa 6 al giorno, contro una media nazionale tra i 2,7 e i 2,9. \u201cL\u2019impegno assistenziale per questa tipologia di pazienti \u00e8 enorme \u2013 ha continuato \u2013 Sono fiero di tutto il personale che ho, ma faccio presente che anche l\u2019esercito migliore del mondo dopo un anno e mezzo di assedio crolla. Non saremo in grado di reggere un ottobre e novembre come quello del 2020\u201d. Polo ha ricordato il grande lavoro fatto da tutto il personale, ma ha parlato di \u201cun massacro psicologico che dura da 18 mesi\u201d per scegliere chi intubare, per valutare chi mettere in ventilazione assistita, ma anche il lavoro svolto con l\u2019ansia che in una delle tante ambulanze in fila ci sia un paziente che rischia la vita se non trattato in tempo. Insomma per Polo la situazione non \u00e8 pi\u00f9 sostenibile, anche se ha rilevato che nelle ultime 24 ore \u201ci numeri sono pi\u00f9 accettabili, intorno ai 113 accessi\u201d anche se \u00e8 ancora presto per dire che ci siano miglioramenti costanti. Per quanto riguarda il personale Polo ha affermato che i medici sono in numero giusto, ma che basta un imprevisto per andare in affanno, anche perch\u00e9 tutti sono molto stanchi e questo aumenta il rischio di sbagliare con il paziente o di sbagliare e inquinare l\u2019ospedale. Polo ha parlato di grave carenza di infermieri e di oss, sottolineando anche che 4 infermieri ad agosto si sono dimessi per stanchezza. Situazione pi\u00f9 tranquilla all\u2019Aou di Sassari. Il direttore del pronto soccorso, Mario Oppes, ha parlato di un numero di accessi complessivi pari a quelli degli anni precedenti al Covid, per la prima volta dall\u2019inizio della pandemia, pari a circa 4200 accessi nel mese di agosto. \u201cRispetto al sud Sardegna questa quarta ondata \u2013 ha detto - ci ha visto meno colpiti, nonostante abbiamo ricoverato 82 pazienti Covid e altrettanti li abbiamo dimessi a domicilio\u201d. Il grosso problema per Oppes \u00e8 che non \u00e8 diminuito il numero degli accessi complessivi, mentre le precauzioni da adottare e i percorsi da seguire hanno notevolmente aumentato la permanenza e allungamento dei tempi del pronto soccorso. Per quanto riguarda il personale medico ha affermato di avere il numero giusto per una situazione di normalit\u00e0, ma non sufficienti in un periodo come questo. \u201cTutto il personale non ce la fa pi\u00f9 a reggere, sono molto preoccupato\u201d.&nbsp; Oppes ha anche affermato che sono venute a mancare \u201cquelle figure aggiuntive che erano state date nel periodo covid, come specializzandi e<a href=\"http:\/\/co.co.co\/\" target=\"_blank\" rel=\"noreferrer noopener\">&nbsp;co.co.co<\/a>.\u201d, oltre alla criticit\u00e0 legata agli infermieri (8 provenienti dalle agenzie interinali sono gi\u00e0 andati via e altri 5 potrebbero lasciare il reparto a breve). La carenza i personale \u00e8 stata sottolineata anche dal commissario straordinario dell\u2019Aou di Sassari, Antonio Lorenzo Spano, e ha annunciato che si sta procedendo a una riorganizzazione, dal punto di vista logistico, del pronto soccorso.<\/p>\n\n\n\n<p>Sulla carenza di medici \u00e8 intervenuto il consigliere Oppi che ha parlato di una \u201csanit\u00e0 malata\u201d e che per la sostituire il personale medico in questi anni non \u00e8 stato fatto niente. Oppi ha per\u00f2 ricordato: \u201cNoi abbiamo fatto una legge che, grazie a un investimento di 30 milioni, consentir\u00e0 di avere 7-800 medici nei prossimi 3 anni, per i quali abbiamo chiesto 5 anni di residenza in Sardegna e 3 di residenza in Sardegna post specializzazione\u201d. Sul grave problema della carenza di organico \u00e8 intervenuto anche il capogruppo dei Progressisti Francesco Agus.&nbsp; Secondo Gianfranco Ganau (capogruppo Pd) \u00e8 evidente che il personale medico, infermieristico e oss \u00e8 inadeguato per la situazione di emergenza legata alla pandemia. L\u2019esponente della minoranza ha sottolineato di capire l\u2019enorme lavoro che sta facendo tutto il personale dei pronto soccorso. Il vice presidente Daniele Cocco ha poi concluso: \u201cE\u2019 vero che siete gli eroi, come spesso venite definiti, perch\u00e9 sopportare una situazione del genere costa tantissimo in termini fisici e in termini psicologici. Il compito della commissione sar\u00e0 di fare tutto quello che \u00e8 nelle nostre possibilit\u00e0 per migliorare la situazione\u201d. Com<\/p>\n","protected":false},"excerpt":{"rendered":"<p>Cagliari, 2 Sett 2021 \u2013\u00a0I medici, gli infermieri e gli operatori sanitari dei pronto soccorso sono sfiniti: da un anno e mezzo lavorano senza sosta&#8230;<\/p>\n","protected":false},"author":2,"featured_media":211402,"comment_status":"closed","ping_status":"open","sticky":false,"template":"","format":"standard","meta":[],"categories":[49,52],"tags":[],"_links":{"self":[{"href":"https:\/\/www.cronacaonline.it\/index.php\/wp-json\/wp\/v2\/posts\/211401"}],"collection":[{"href":"https:\/\/www.cronacaonline.it\/index.php\/wp-json\/wp\/v2\/posts"}],"about":[{"href":"https:\/\/www.cronacaonline.it\/index.php\/wp-json\/wp\/v2\/types\/post"}],"author":[{"embeddable":true,"href":"https:\/\/www.cronacaonline.it\/index.php\/wp-json\/wp\/v2\/users\/2"}],"replies":[{"embeddable":true,"href":"https:\/\/www.cronacaonline.it\/index.php\/wp-json\/wp\/v2\/comments?post=211401"}],"version-history":[{"count":1,"href":"https:\/\/www.cronacaonline.it\/index.php\/wp-json\/wp\/v2\/posts\/211401\/revisions"}],"predecessor-version":[{"id":211403,"href":"https:\/\/www.cronacaonline.it\/index.php\/wp-json\/wp\/v2\/posts\/211401\/revisions\/211403"}],"wp:featuredmedia":[{"embeddable":true,"href":"https:\/\/www.cronacaonline.it\/index.php\/wp-json\/wp\/v2\/media\/211402"}],"wp:attachment":[{"href":"https:\/\/www.cronacaonline.it\/index.php\/wp-json\/wp\/v2\/media?parent=211401"}],"wp:term":[{"taxonomy":"category","embeddable":true,"href":"https:\/\/www.cronacaonline.it\/index.php\/wp-json\/wp\/v2\/categories?post=211401"},{"taxonomy":"post_tag","embeddable":true,"href":"https:\/\/www.cronacaonline.it\/index.php\/wp-json\/wp\/v2\/tags?post=211401"}],"curies":[{"name":"wp","href":"https:\/\/api.w.org\/{rel}","templated":true}]}}