{"id":211399,"date":"2021-09-02T14:39:05","date_gmt":"2021-09-02T12:39:05","guid":{"rendered":"https:\/\/www.cronacaonline.it\/?p=211399"},"modified":"2021-09-02T14:39:07","modified_gmt":"2021-09-02T12:39:07","slug":"green-pass-tar-del-lazio-respinge-ricorso-personale-scolastico-sospeso-perche-non-vaccinato","status":"publish","type":"post","link":"https:\/\/www.cronacaonline.it\/index.php\/2021\/09\/02\/green-pass-tar-del-lazio-respinge-ricorso-personale-scolastico-sospeso-perche-non-vaccinato\/","title":{"rendered":"Green pass, Tar del Lazio respinge ricorso personale scolastico sospeso perch\u00e9 non vaccinato."},"content":{"rendered":"\n<p>Roma, 2 Sett 2021 - Il Tar Lazio, con i decreti monocratici 4531\/2021 e 4532\/2021 depositati oggi, ha respinto i ricorsi di alcuni rappresentanti del personale scolastico che chiedevano di sospendere tutti i provvedimenti adottati dal Ministero dell'Istruzione con cui \u00e8 stata stabilita la disciplina in materia di possesso di certificazione anti-covid del personale scolastico.\u00a0<\/p>\n\n\n\n<p>In merito alla \"dubbia configurazione come diritto alla salute\" del diritto del personale scolastico a non essere vaccinato, secondo il Tar occorre tenere presente che lo stesso \"deve essere razionalmente correlato e contemperato con gli altri fondamentali, essenziali e poziori interessi pubblici quali quello attinente alla salute pubblica a circoscrivere l'estendersi della pandemia e a quello di assicurare il regolare svolgimento dell'essenziale servizio pubblico della scuola in presenza\".<\/p>\n\n\n\n<p>In ogni caso \"il predetto diritto \u00e8 riconosciuto dal legislatore il quale prevede in via alternativa la produzione di un test molecolare o antigenico rapido con risultato negativo al virus Sars-Cov 2\"; e \"nell'ottica del legislatore la presentazione del test in questione in sostituzione del certificato comprovante l'avvenuta gratuita vaccinazione costituisce una facolt\u00e0 rispettosa del diritto del docente a non sottoporsi a vaccinazione ed \u00e8 stata prevista nell'esclusivo interesse di quest'ultimo, e, conseguentemente, non appare irrazionale che il costo del tampone venga a gravare sul docente che voglia beneficiare di tale alternativa\".<\/p>\n\n\n\n<p>\u00c8 quanto si legge nei decreti con i quali la terza Sezione bis del Tar del Lazio ha respinto l'istanza dell'Anief contro i provvedimenti del ministero dell'Istruzione che disciplinano il possesso del Green pass.&nbsp;\"In ogni caso - sottolineano i giudici - il predetto diritto \u00e8 riconosciuto dal legislatore il quale prevede in via alternativa la produzione di un test molecolare o antigenico rapido con risultato negativo al virus Sars-Cov 2\".<\/p>\n\n\n\n<p>In particolare, si legge ancora nei decreti, \"relativamente alla prospettata illegittimit\u00e0 degli impugnati provvedimenti nella parte in cui stabiliscono che i dipendenti privi di Green pass qualora non si procurino il documento perdono anche il trattamento retributivo anche per le prestazioni espletate prima della sospensione, il danno prospettato \u00e8 meramente patrimoniale e ristorabile integramente e, pertanto, certamente non pu\u00f2 configurare quella situazione di estrema gravit\u00e0 e urgenza tale da giustificare la sospensione per tale aspetto dei gravati provvedimenti\".<\/p>\n\n\n\n<p>\"Si tratta di una decisione esemplare in quanto riafferma alcuni basilari principi della convivenza democratica\". \u00c8 quanto afferma il presidente dell'Anp, Antonello Giannelli, commentando la decisione del Tar Lazio.&nbsp;\"Ritengo particolarmente condivisibili le parole dei giudici amministrativi - prosegue - secondo cui l'automatica sospensione dal lavoro e dalla retribuzione e la mancata adibizione del personale scolastico ad altre e diverse mansioni \u00e8 correttamente e razionalmente giustificabile alla luce della tipicit\u00e0 delle mansioni del personale scolastico, specie di quello docente. Spero che questo contribuisca a superare definitivamente le pretestuose polemiche sollevate strumentalmente da alcuni e renda pi\u00f9 agevole il lavoro dei colleghi impegnati a garantire il diritto allo studio\".<\/p>\n","protected":false},"excerpt":{"rendered":"<p>Roma, 2 Sett 2021 &#8211; Il Tar Lazio, con i decreti monocratici 4531\/2021 e 4532\/2021 depositati oggi, ha respinto i ricorsi di alcuni rappresentanti del&#8230;<\/p>\n","protected":false},"author":2,"featured_media":209401,"comment_status":"closed","ping_status":"open","sticky":false,"template":"","format":"standard","meta":[],"categories":[49,51],"tags":[],"_links":{"self":[{"href":"https:\/\/www.cronacaonline.it\/index.php\/wp-json\/wp\/v2\/posts\/211399"}],"collection":[{"href":"https:\/\/www.cronacaonline.it\/index.php\/wp-json\/wp\/v2\/posts"}],"about":[{"href":"https:\/\/www.cronacaonline.it\/index.php\/wp-json\/wp\/v2\/types\/post"}],"author":[{"embeddable":true,"href":"https:\/\/www.cronacaonline.it\/index.php\/wp-json\/wp\/v2\/users\/2"}],"replies":[{"embeddable":true,"href":"https:\/\/www.cronacaonline.it\/index.php\/wp-json\/wp\/v2\/comments?post=211399"}],"version-history":[{"count":1,"href":"https:\/\/www.cronacaonline.it\/index.php\/wp-json\/wp\/v2\/posts\/211399\/revisions"}],"predecessor-version":[{"id":211400,"href":"https:\/\/www.cronacaonline.it\/index.php\/wp-json\/wp\/v2\/posts\/211399\/revisions\/211400"}],"wp:featuredmedia":[{"embeddable":true,"href":"https:\/\/www.cronacaonline.it\/index.php\/wp-json\/wp\/v2\/media\/209401"}],"wp:attachment":[{"href":"https:\/\/www.cronacaonline.it\/index.php\/wp-json\/wp\/v2\/media?parent=211399"}],"wp:term":[{"taxonomy":"category","embeddable":true,"href":"https:\/\/www.cronacaonline.it\/index.php\/wp-json\/wp\/v2\/categories?post=211399"},{"taxonomy":"post_tag","embeddable":true,"href":"https:\/\/www.cronacaonline.it\/index.php\/wp-json\/wp\/v2\/tags?post=211399"}],"curies":[{"name":"wp","href":"https:\/\/api.w.org\/{rel}","templated":true}]}}