{"id":211391,"date":"2021-09-02T14:24:52","date_gmt":"2021-09-02T12:24:52","guid":{"rendered":"https:\/\/www.cronacaonline.it\/?p=211391"},"modified":"2021-09-02T14:24:57","modified_gmt":"2021-09-02T12:24:57","slug":"consiglio-sardegna-seconda-commissione-parere-favorevole-alla-proposta-di-legge-omnibus","status":"publish","type":"post","link":"https:\/\/www.cronacaonline.it\/index.php\/2021\/09\/02\/consiglio-sardegna-seconda-commissione-parere-favorevole-alla-proposta-di-legge-omnibus\/","title":{"rendered":"Consiglio Sardegna \u2013 Seconda Commissione, parere favorevole alla Proposta di legge \u201dOmnibus\u201d."},"content":{"rendered":"\n<p>Cagliari 2 Sett 2021. La commissione Lavoro, Cultura e Pubblica Istruzione, presieduta da Alfonso Marras (Psd\u2019Az),\u00a0ha espresso parere favorevole, per le parti di propria competenza, alla proposta di legge n. 284 (Giagoni e pi\u00f9) \u201cDisposizioni di carattere istituzionale-finanziario e in materia di sviluppo economico e sociale\u201d. Il s\u00ec \u00e8 arrivato dai quattro consiglieri della maggioranza mentre voto contrario hanno dichiarato\u00a0gli esponenti di Pd, 5 Stelle e Progressisti.<\/p>\n\n\n\n<p>Gli assessori della Pubblica Istruzione e della Cultura, Andrea Biancareddu (Udc), e del Lavoro, Alessandra Zedda (Fi), nel corso delle rispettive audizioni, hanno avuto modo di approfondire e illustrare le misure e gli stanziamenti previsti nella proposta di legge cosiddetta \u201cominibus\u201d e che agli articoli 6, 15, 20, 22, 23 e 24 tratta gli argomenti riferiti alla Cultura e all\u2019Istruzione mentre riserva all\u2019articolo 7 la trattazione dei temi del Lavoro.<\/p>\n\n\n\n<p>I consiglieri della minoranza, con in testa Comandini (Pd), hanno preliminarmente concentrato le loro attenzioni su una serie di questioni procedurali, chiedendo l\u2019immediata convocazione in audizione dei proponenti il testo di legge per la necessaria illustrazione e la programmazione delle audizioni dei portatori di interesse ad incominciare dai rappresentanti del mondo delle imprese e dell\u2019istruzione, dei sindacati e delle associazioni.<\/p>\n\n\n\n<p>Un vivace scambio di opinioni si \u00e8 sviluppato poi sull\u2019articolo 24 della Pl che prevede la modifica della legge 22 sulla lingua sarda, introducendo nella norma la distinzione tra variante logudorese e campidanese. Accogliendo le richieste dei consiglieri della minoranza Comandini (Pd), Desir\u00e8 Manca (M5S) e Laura Caddeo (Progressisti) e anche del rappresentante del Psd\u2019Az, Nanni Lancioni, l\u2019assessore Biancareddu ha annunciato il ritiro del comma a) dell\u2019articolo 24 e una sostanziale revisione anche dei commi b) e c).<\/p>\n\n\n\n<p>Una ulteriore polemica ha interessato lo stanziamento di 560 mila euro previsto in favore dell\u2019associazione di promozione sociale \u201cAPS La Sardegna verso l\u2019Unesco\u201d con la conseguente richiesta delle minoranze \u201cperch\u00e9 si proceda ad un\u2019immediata verifica su chi ricopra l\u2019incarico di presidente dell\u2019associazione\u201d.<\/p>\n\n\n\n<p>Numerose le disposizioni in materia di lavoro con l\u2019introduzione anche di importanti novit\u00e0 (istituzione di un apposito fondo lavoro e delle academy) e la riposizione di una serie di aiuti, soprattutto per le categorie produttive escluse dai precedenti interventi di sostegno e di supporto per affrontare le conseguenze della crisi da Covid.<\/p>\n\n\n\n<p>\u00abLe legge \u2013 ha dichiarato in conclusione del suo intervento l\u2019assessora Zedda \u2013 potr\u00e0 trovare piena applicazione e poter dare le risposte che tanti operatori e molti lavoratori attendono, soltanto se sar\u00e0 approvata in tempi brevi dal Consiglio regionale, in caso contrario sar\u00e0 difficile poter&nbsp;predisporre avvisi e bandi in tempi utili (dicembre 2021) per soddisfare le attese e le esigenze del mondo delle produzioni e del lavoro\u201d. Com<\/p>\n","protected":false},"excerpt":{"rendered":"<p>Cagliari 2 Sett 2021. La commissione Lavoro, Cultura e Pubblica Istruzione, presieduta da Alfonso Marras (Psd\u2019Az),\u00a0ha espresso parere favorevole, per le parti di propria competenza,&#8230;<\/p>\n","protected":false},"author":2,"featured_media":211392,"comment_status":"closed","ping_status":"open","sticky":false,"template":"","format":"standard","meta":[],"categories":[49,52],"tags":[],"_links":{"self":[{"href":"https:\/\/www.cronacaonline.it\/index.php\/wp-json\/wp\/v2\/posts\/211391"}],"collection":[{"href":"https:\/\/www.cronacaonline.it\/index.php\/wp-json\/wp\/v2\/posts"}],"about":[{"href":"https:\/\/www.cronacaonline.it\/index.php\/wp-json\/wp\/v2\/types\/post"}],"author":[{"embeddable":true,"href":"https:\/\/www.cronacaonline.it\/index.php\/wp-json\/wp\/v2\/users\/2"}],"replies":[{"embeddable":true,"href":"https:\/\/www.cronacaonline.it\/index.php\/wp-json\/wp\/v2\/comments?post=211391"}],"version-history":[{"count":1,"href":"https:\/\/www.cronacaonline.it\/index.php\/wp-json\/wp\/v2\/posts\/211391\/revisions"}],"predecessor-version":[{"id":211393,"href":"https:\/\/www.cronacaonline.it\/index.php\/wp-json\/wp\/v2\/posts\/211391\/revisions\/211393"}],"wp:featuredmedia":[{"embeddable":true,"href":"https:\/\/www.cronacaonline.it\/index.php\/wp-json\/wp\/v2\/media\/211392"}],"wp:attachment":[{"href":"https:\/\/www.cronacaonline.it\/index.php\/wp-json\/wp\/v2\/media?parent=211391"}],"wp:term":[{"taxonomy":"category","embeddable":true,"href":"https:\/\/www.cronacaonline.it\/index.php\/wp-json\/wp\/v2\/categories?post=211391"},{"taxonomy":"post_tag","embeddable":true,"href":"https:\/\/www.cronacaonline.it\/index.php\/wp-json\/wp\/v2\/tags?post=211391"}],"curies":[{"name":"wp","href":"https:\/\/api.w.org\/{rel}","templated":true}]}}