{"id":211349,"date":"2021-09-01T16:40:58","date_gmt":"2021-09-01T14:40:58","guid":{"rendered":"https:\/\/www.cronacaonline.it\/?p=211349"},"modified":"2021-09-01T16:41:00","modified_gmt":"2021-09-01T14:41:00","slug":"arrivati-in-sardegna-87-profughi-afghani-sulla-motonave-moby-piu-della-meta-sono-bambini","status":"publish","type":"post","link":"https:\/\/www.cronacaonline.it\/index.php\/2021\/09\/01\/arrivati-in-sardegna-87-profughi-afghani-sulla-motonave-moby-piu-della-meta-sono-bambini\/","title":{"rendered":"Arrivati in Sardegna 87 profughi afghani sulla motonave Moby: pi\u00f9 della met\u00e0 sono bambini."},"content":{"rendered":"\n<p>Cagliari, 1 Sett 2021 \u2013 Nelle prime ore del pomeriggio di oggi, sono giunti al Molo Ichnusa del Porto di Cagliari, gli 87 profughi afghani, tra i quali pi\u00f9 della met\u00e0 bambini in tenera et\u00e0. Erano tutti a bordo della motonave Moby.<\/p>\n\n\n\n<p>Prima dello sbarco, una volta che la nave ha attraccato al Molo, i passeggeri sono stati sottoposti a tampone e a tutte le formalit\u00e0 di legge previste prime di essere trasferiti nel centro di accoglienza allestito dagli uomini della Protezione Civile della citt\u00e0.<\/p>\n\n\n\n<p>Al momento non si sanno altre notizie.<\/p>\n\n\n\n<figure class=\"wp-block-embed-youtube wp-block-embed is-type-video is-provider-youtube wp-embed-aspect-16-9 wp-has-aspect-ratio\"><div class=\"wp-block-embed__wrapper\">\n<iframe loading=\"lazy\" title=\"Arrivo nave con profughi afghani a Cagliari\" width=\"500\" height=\"281\" src=\"https:\/\/www.youtube.com\/embed\/wHCANVEyTuo?feature=oembed\" frameborder=\"0\" allow=\"accelerometer; autoplay; clipboard-write; encrypted-media; gyroscope; picture-in-picture\" allowfullscreen><\/iframe>\n<\/div><\/figure>\n","protected":false},"excerpt":{"rendered":"<p>Cagliari, 1 Sett 2021 \u2013 Nelle prime ore del pomeriggio di oggi, sono giunti al Molo Ichnusa del Porto di Cagliari, gli 87 profughi afghani,&#8230;<\/p>\n","protected":false},"author":2,"featured_media":211351,"comment_status":"closed","ping_status":"open","sticky":false,"template":"","format":"standard","meta":[],"categories":[49,51],"tags":[],"_links":{"self":[{"href":"https:\/\/www.cronacaonline.it\/index.php\/wp-json\/wp\/v2\/posts\/211349"}],"collection":[{"href":"https:\/\/www.cronacaonline.it\/index.php\/wp-json\/wp\/v2\/posts"}],"about":[{"href":"https:\/\/www.cronacaonline.it\/index.php\/wp-json\/wp\/v2\/types\/post"}],"author":[{"embeddable":true,"href":"https:\/\/www.cronacaonline.it\/index.php\/wp-json\/wp\/v2\/users\/2"}],"replies":[{"embeddable":true,"href":"https:\/\/www.cronacaonline.it\/index.php\/wp-json\/wp\/v2\/comments?post=211349"}],"version-history":[{"count":1,"href":"https:\/\/www.cronacaonline.it\/index.php\/wp-json\/wp\/v2\/posts\/211349\/revisions"}],"predecessor-version":[{"id":211350,"href":"https:\/\/www.cronacaonline.it\/index.php\/wp-json\/wp\/v2\/posts\/211349\/revisions\/211350"}],"wp:featuredmedia":[{"embeddable":true,"href":"https:\/\/www.cronacaonline.it\/index.php\/wp-json\/wp\/v2\/media\/211351"}],"wp:attachment":[{"href":"https:\/\/www.cronacaonline.it\/index.php\/wp-json\/wp\/v2\/media?parent=211349"}],"wp:term":[{"taxonomy":"category","embeddable":true,"href":"https:\/\/www.cronacaonline.it\/index.php\/wp-json\/wp\/v2\/categories?post=211349"},{"taxonomy":"post_tag","embeddable":true,"href":"https:\/\/www.cronacaonline.it\/index.php\/wp-json\/wp\/v2\/tags?post=211349"}],"curies":[{"name":"wp","href":"https:\/\/api.w.org\/{rel}","templated":true}]}}