{"id":211340,"date":"2021-09-01T14:24:41","date_gmt":"2021-09-01T12:24:41","guid":{"rendered":"https:\/\/www.cronacaonline.it\/?p=211340"},"modified":"2021-09-01T14:24:42","modified_gmt":"2021-09-01T12:24:42","slug":"in-arrivo-in-sardegna-87-profughi-afghani-il-presidente-solinas-il-popolo-sardo-solidale-generoso-ed-accogliente-non-restiamo-insensibili-davanti-a-questa-tragedia","status":"publish","type":"post","link":"https:\/\/www.cronacaonline.it\/index.php\/2021\/09\/01\/in-arrivo-in-sardegna-87-profughi-afghani-il-presidente-solinas-il-popolo-sardo-solidale-generoso-ed-accogliente-non-restiamo-insensibili-davanti-a-questa-tragedia\/","title":{"rendered":"In arrivo in Sardegna 87 profughi afghani. Il presidente Solinas: il popolo sardo solidale, generoso ed accogliente, non restiamo insensibili davanti a questa tragedia."},"content":{"rendered":"\n<p>Cagliari, 1 Sett 2021\u00a0- Il Popolo Sardo non \u00e8 insensibile davanti alle sofferenza che molti cittadini afghani inermi stanno subendo ad opera di un regime totalitario. La Sardegna far\u00e0 la sua parte.<\/p>\n\n\n\n<p>Cos\u00ec il Presidente della Regione Christian Solinas commenta l\u2019arrivo in Sardegna, previsto alle 14,30 nel porto di Cagliari, di 87 profughi afghani che saranno ospitati nella nostra Isola.<\/p>\n\n\n\n<p>La Protezione civile regionale \u00e8 stata attivata dal Presidente per garantire il supporto allo sbarco e alla prima accoglienza.<\/p>\n\n\n\n<p>Il modulo logistico \u00e8 composto da tre tende e una tensostruttura, oltre a due tende della Croce Rossa, necessarie per le verifiche mediche e per l\u2019effettuazione dei tamponi.<\/p>\n\n\n\n<p>Per l\u2019allestimento sono state attivate diverse organizzazioni di volontariato con 18 volontari che hanno operato fino a tarda notte per il montaggio del modulo.<\/p>\n\n\n\n<p>Oggi saranno presenti per supportare la prima accoglienza dei profughi e del personale medico di ATS, oltre a volontari psicologi e ai farmacisti con un camper attrezzato.<\/p>\n\n\n\n<p>La Protezione civile ha operato in maniera sinergica con la Croce Rossa, ATS, Caritas, 118 e forze dell\u2019ordine per garantire le attivit\u00e0 di supporto ed accoglienza dei profughi, i quali poi verranno accolti nelle quattro province e nei vari centri dell\u2019isola.<\/p>\n\n\n\n<p>\u201cIl dovere della solidariet\u00e0 nei confronti del popolo afgano ci trova pronti - sottolinea il Presidente Solinas - la Sardegna \u00e8 presente con una particolare attenzione verso famiglie, donne, bambini, anziani che scappano da un luogo senza pi\u00f9 libert\u00e0\u201d.<\/p>\n\n\n\n<p>\u201cIl sistema regionale di protezione civile - dice l\u2019assessore Gianni Lampis - si \u00e8 trovato ancora una volta pronto con le sue professionalit\u00e0 umane e con i suoi mezzi per predisporre tutte le necessarie operazioni di accoglienza\u201d. Com<\/p>\n","protected":false},"excerpt":{"rendered":"<p>Cagliari, 1 Sett 2021\u00a0&#8211; Il Popolo Sardo non \u00e8 insensibile davanti alle sofferenza che molti cittadini afghani inermi stanno subendo ad opera di un regime&#8230;<\/p>\n","protected":false},"author":2,"featured_media":211341,"comment_status":"closed","ping_status":"open","sticky":false,"template":"","format":"standard","meta":[],"categories":[49,52],"tags":[],"_links":{"self":[{"href":"https:\/\/www.cronacaonline.it\/index.php\/wp-json\/wp\/v2\/posts\/211340"}],"collection":[{"href":"https:\/\/www.cronacaonline.it\/index.php\/wp-json\/wp\/v2\/posts"}],"about":[{"href":"https:\/\/www.cronacaonline.it\/index.php\/wp-json\/wp\/v2\/types\/post"}],"author":[{"embeddable":true,"href":"https:\/\/www.cronacaonline.it\/index.php\/wp-json\/wp\/v2\/users\/2"}],"replies":[{"embeddable":true,"href":"https:\/\/www.cronacaonline.it\/index.php\/wp-json\/wp\/v2\/comments?post=211340"}],"version-history":[{"count":1,"href":"https:\/\/www.cronacaonline.it\/index.php\/wp-json\/wp\/v2\/posts\/211340\/revisions"}],"predecessor-version":[{"id":211342,"href":"https:\/\/www.cronacaonline.it\/index.php\/wp-json\/wp\/v2\/posts\/211340\/revisions\/211342"}],"wp:featuredmedia":[{"embeddable":true,"href":"https:\/\/www.cronacaonline.it\/index.php\/wp-json\/wp\/v2\/media\/211341"}],"wp:attachment":[{"href":"https:\/\/www.cronacaonline.it\/index.php\/wp-json\/wp\/v2\/media?parent=211340"}],"wp:term":[{"taxonomy":"category","embeddable":true,"href":"https:\/\/www.cronacaonline.it\/index.php\/wp-json\/wp\/v2\/categories?post=211340"},{"taxonomy":"post_tag","embeddable":true,"href":"https:\/\/www.cronacaonline.it\/index.php\/wp-json\/wp\/v2\/tags?post=211340"}],"curies":[{"name":"wp","href":"https:\/\/api.w.org\/{rel}","templated":true}]}}